{"id":14469,"date":"2024-05-06T10:00:00","date_gmt":"2024-05-06T14:00:00","guid":{"rendered":"https:\/\/galagutenberg.ca\/?p=14469"},"modified":"2024-09-05T13:31:50","modified_gmt":"2024-09-05T17:31:50","slug":"le-comite-du-gutenberg-est-heureux-dannoncer-la-nomination-de-serge-loubier-au-poste-de-president-du-gutenberg-2025","status":"publish","type":"post","link":"https:\/\/galagutenberg.ca\/en\/2024\/05\/06\/le-comite-du-gutenberg-est-heureux-dannoncer-la-nomination-de-serge-loubier-au-poste-de-president-du-gutenberg-2025\/","title":{"rendered":"The Gutenberg Committee is pleased to announce the appointment of Serge Loubier as President of the Gutenberg 2025"},"content":{"rendered":"<p>A few weeks after the 42<sup>th<\/sup>\u00a0Gala, c\u2019est avec fiert\u00e9 que nous annon\u00e7ons la nomination de Serge\u00a0Loubier au poste de Pr\u00e9sident du Comit\u00e9 Gutenberg 2025.<\/p>\n\n\n\n<p class=\"translation-block\">\"Serge is a major figure of our industry. He has a consuming passion for the publishing world that inspires admiration, innovation, creativity and ingenuity, all fuelled by an infectious enthusiasm. It is with great pride that I hand over the reins to him,\" explains Yoan Robitaille, President of the 42nd Gutenberg.<\/p>\n\n\n\n<p>\"It is with great pleasure and humility that I accept to become President of the Gutenberg 2025. I\u2019m honoured to be able to join a great team that has created a significant event for the Quebec printing world,\" says Serge Loubier, President of the Gutenberg 2025 Committee.<\/p>\n\n\n\n<p>Thanks to the exceptional collaboration of our partners, print production partners and the enthusiasm of the participants, the Organizing Committee is ready to celebrate the 43<sup>th<\/sup>&nbsp;Gutenberg.<\/p>\n\n\n\n<p>Do not hesitate to communicate with the Committee, your comments and ideas are welcome.<\/p>\n\n\n\n<p><strong>The Gutenberg 2025 Committee :<\/strong><br>Serge\u00a0Loubier, Pr\u00e9sident du Gutenberg 2025, Andr\u00e9\u00a0Goyette, Andrew\u00a0Lacoste, Carmela\u00a0Martinez, Chantal\u00a0Vall\u00e9e, Charlotte\u00a0Gaudreault, \u00c9ric\u00a0Lamontagne, H\u00e9l\u00e8ne\u00a0Pageau, Julie\u00a0\u00c9thier, Karl\u00a0Belafi\u00a0Jr, Mariane\u00a0Beauchesne-Chr\u00e9tien, Marie-Eve\u00a0Hupp\u00e9, Mike\u00a0Miserany, Pascal\u00a0Ross, Patrick\u00a0Choquet, St\u00e9phane\u00a0Abraham, Suzie\u00a0Gaudreault et Yoan\u00a0Robitaille.<\/p>\n\n\n\n<p><strong>Results of the 2024 Contest in pictures and videos at<\/strong><br><a href=\"https:\/\/galagutenberg.ca\/en\/gala-2024\/\"><strong>www.galagutenberg.ca\/gala-2024<\/strong><\/a><\/p>\n\n\n\n<p>-30-<\/p>\n\n\n\n<p><strong>For further information, please contact<\/strong><br>H\u00e9l\u00e8ne Pageau<br>Member of the Gutenberg 2012-2024 Committee<br>Printability and Graphic Communications Institute (ICI)<br><a href=\"mailto:helene.pageau@i-ci.ca\">helene.pageau@i-ci.ca<\/a><\/p>","protected":false},"excerpt":{"rendered":"<p>Quelques semaines apr\u00e8s le 42e\u00a0Gala, c\u2019est avec fiert\u00e9 que nous annon\u00e7ons la nomination de Serge\u00a0Loubier au poste de Pr\u00e9sident du Comit\u00e9 Gutenberg 2025. \u00ab&nbsp;Serge est un pilier de notre industrie. Il porte en lui une passion d\u00e9vorante pour le monde de l\u2019\u00e9dition qui \u00e9veille admiration, innovation, cr\u00e9ativit\u00e9 et ing\u00e9niosit\u00e9, le tout aliment\u00e9 par un enthousiasme [&hellip;]<\/p>\n","protected":false},"author":7,"featured_media":14326,"comment_status":"closed","ping_status":"closed","sticky":false,"template":"","format":"standard","meta":{"site-sidebar-layout":"default","site-content-layout":"","ast-site-content-layout":"default","site-content-style":"default","site-sidebar-style":"default","ast-global-header-display":"","ast-banner-title-visibility":"","ast-main-header-display":"","ast-hfb-above-header-display":"","ast-hfb-below-header-display":"","ast-hfb-mobile-header-display":"","site-post-title":"","ast-breadcrumbs-content":"","ast-featured-img":"","footer-sml-layout":"","ast-disable-related-posts":"","theme-transparent-header-meta":"","adv-header-id-meta":"","stick-header-meta":"","header-above-stick-meta":"","header-main-stick-meta":"","header-below-stick-meta":"","astra-migrate-meta-layouts":"set","ast-page-background-enabled":"default","ast-page-background-meta":{"desktop":{"background-color":"","background-image":"","background-repeat":"repeat","background-position":"center center","background-size":"auto","background-attachment":"scroll","background-type":"","background-media":"","overlay-type":"","overlay-color":"","overlay-opacity":"","overlay-gradient":""},"tablet":{"background-color":"","background-image":"","background-repeat":"repeat","background-position":"center center","background-size":"auto","background-attachment":"scroll","background-type":"","background-media":"","overlay-type":"","overlay-color":"","overlay-opacity":"","overlay-gradient":""},"mobile":{"background-color":"","background-image":"","background-repeat":"repeat","background-position":"center center","background-size":"auto","background-attachment":"scroll","background-type":"","background-media":"","overlay-type":"","overlay-color":"","overlay-opacity":"","overlay-gradient":""}},"ast-content-background-meta":{"desktop":{"background-color":"var(--ast-global-color-5)","background-image":"","background-repeat":"repeat","background-position":"center center","background-size":"auto","background-attachment":"scroll","background-type":"","background-media":"","overlay-type":"","overlay-color":"","overlay-opacity":"","overlay-gradient":""},"tablet":{"background-color":"var(--ast-global-color-5)","background-image":"","background-repeat":"repeat","background-position":"center center","background-size":"auto","background-attachment":"scroll","background-type":"","background-media":"","overlay-type":"","overlay-color":"","overlay-opacity":"","overlay-gradient":""},"mobile":{"background-color":"var(--ast-global-color-5)","background-image":"","background-repeat":"repeat","background-position":"center center","background-size":"auto","background-attachment":"scroll","background-type":"","background-media":"","overlay-type":"","overlay-color":"","overlay-opacity":"","overlay-gradient":""}},"ngg_post_thumbnail":0,"footnotes":""},"categories":[12],"tags":[10,9],"class_list":["post-14469","post","type-post","status-publish","format-standard","has-post-thumbnail","hentry","category-communique-de-presse","tag-43egalagutenberg","tag-galagutenberg2025"],"yoast_head":"<!-- This site is optimized with the Yoast SEO plugin v27.4 - https:\/\/yoast.com\/product\/yoast-seo-wordpress\/ -->\n<title>Le Comit\u00e9 Gutenberg est heureux d\u2019annoncer la nomination de Serge Loubier au poste de pr\u00e9sident du Gutenberg 2025 - Gala Gutenberg<\/title>\n<meta name=\"robots\" content=\"index, follow, max-snippet:-1, max-image-preview:large, max-video-preview:-1\" \/>\n<link rel=\"canonical\" href=\"https:\/\/galagutenberg.ca\/en\/2024\/05\/06\/le-comite-du-gutenberg-est-heureux-dannoncer-la-nomination-de-serge-loubier-au-poste-de-president-du-gutenberg-2025\/\" \/>\n<meta property=\"og:locale\" content=\"en_US\" \/>\n<meta property=\"og:type\" content=\"article\" \/>\n<meta property=\"og:title\" content=\"Le Comit\u00e9 Gutenberg est heureux d\u2019annoncer la nomination de Serge Loubier au poste de pr\u00e9sident du Gutenberg 2025 - Gala Gutenberg\" \/>\n<meta property=\"og:description\" content=\"Quelques semaines apr\u00e8s le 42e\u00a0Gala, c\u2019est avec fiert\u00e9 que nous annon\u00e7ons la nomination de Serge\u00a0Loubier au poste de Pr\u00e9sident du Comit\u00e9 Gutenberg 2025. \u00ab&nbsp;Serge est un pilier de notre industrie. Il porte en lui une passion d\u00e9vorante pour le monde de l\u2019\u00e9dition qui \u00e9veille admiration, innovation, cr\u00e9ativit\u00e9 et ing\u00e9niosit\u00e9, le tout aliment\u00e9 par un enthousiasme [&hellip;]\" \/>\n<meta property=\"og:url\" content=\"https:\/\/galagutenberg.ca\/en\/2024\/05\/06\/le-comite-du-gutenberg-est-heureux-dannoncer-la-nomination-de-serge-loubier-au-poste-de-president-du-gutenberg-2025\/\" \/>\n<meta property=\"og:site_name\" content=\"Gala Gutenberg\" \/>\n<meta property=\"article:published_time\" content=\"2024-05-06T14:00:00+00:00\" \/>\n<meta property=\"article:modified_time\" content=\"2024-09-05T17:31:50+00:00\" \/>\n<meta property=\"og:image\" content=\"https:\/\/galagutenberg.ca\/wp-content\/uploads\/2024\/05\/Serge_Loubier-Gutenberg-2025.jpg\" \/>\n\t<meta property=\"og:image:width\" content=\"1000\" \/>\n\t<meta property=\"og:image:height\" content=\"667\" \/>\n\t<meta property=\"og:image:type\" content=\"image\/jpeg\" \/>\n<meta name=\"author\" content=\"Charlotte Gaudreault\" \/>\n<meta name=\"twitter:card\" content=\"summary_large_image\" \/>\n<meta name=\"twitter:label1\" content=\"Written by\" \/>\n\t<meta name=\"twitter:data1\" content=\"Charlotte Gaudreault\" \/>\n\t<meta name=\"twitter:label2\" content=\"Est. reading time\" \/>\n\t<meta name=\"twitter:data2\" content=\"2 minutes\" \/>\n<script type=\"application\/ld+json\" class=\"yoast-schema-graph\">{\"@context\":\"https:\\\/\\\/schema.org\",\"@graph\":[{\"@type\":\"Article\",\"@id\":\"https:\\\/\\\/galagutenberg.ca\\\/2024\\\/05\\\/06\\\/le-comite-du-gutenberg-est-heureux-dannoncer-la-nomination-de-serge-loubier-au-poste-de-president-du-gutenberg-2025\\\/#article\",\"isPartOf\":{\"@id\":\"https:\\\/\\\/galagutenberg.ca\\\/2024\\\/05\\\/06\\\/le-comite-du-gutenberg-est-heureux-dannoncer-la-nomination-de-serge-loubier-au-poste-de-president-du-gutenberg-2025\\\/\"},\"author\":{\"name\":\"Charlotte Gaudreault\",\"@id\":\"https:\\\/\\\/galagutenberg.ca\\\/#\\\/schema\\\/person\\\/19a222a2a1288fe24025fde467360a9e\"},\"headline\":\"Le Comit\u00e9 Gutenberg est heureux d\u2019annoncer la nomination de Serge Loubier au poste de pr\u00e9sident du Gutenberg 2025\",\"datePublished\":\"2024-05-06T14:00:00+00:00\",\"dateModified\":\"2024-09-05T17:31:50+00:00\",\"mainEntityOfPage\":{\"@id\":\"https:\\\/\\\/galagutenberg.ca\\\/2024\\\/05\\\/06\\\/le-comite-du-gutenberg-est-heureux-dannoncer-la-nomination-de-serge-loubier-au-poste-de-president-du-gutenberg-2025\\\/\"},\"wordCount\":309,\"image\":{\"@id\":\"https:\\\/\\\/galagutenberg.ca\\\/2024\\\/05\\\/06\\\/le-comite-du-gutenberg-est-heureux-dannoncer-la-nomination-de-serge-loubier-au-poste-de-president-du-gutenberg-2025\\\/#primaryimage\"},\"thumbnailUrl\":\"https:\\\/\\\/galagutenberg.ca\\\/wp-content\\\/uploads\\\/2024\\\/05\\\/Serge_Loubier-Gutenberg-2025.jpg\",\"keywords\":[\"43eGalaGutenberg\",\"GalaGutenberg2025\"],\"articleSection\":[\"Communiqu\u00e9 de presse\"],\"inLanguage\":\"en-CA\"},{\"@type\":\"WebPage\",\"@id\":\"https:\\\/\\\/galagutenberg.ca\\\/2024\\\/05\\\/06\\\/le-comite-du-gutenberg-est-heureux-dannoncer-la-nomination-de-serge-loubier-au-poste-de-president-du-gutenberg-2025\\\/\",\"url\":\"https:\\\/\\\/galagutenberg.ca\\\/2024\\\/05\\\/06\\\/le-comite-du-gutenberg-est-heureux-dannoncer-la-nomination-de-serge-loubier-au-poste-de-president-du-gutenberg-2025\\\/\",\"name\":\"Le Comit\u00e9 Gutenberg est heureux d\u2019annoncer la nomination de Serge Loubier au poste de pr\u00e9sident du Gutenberg 2025 - Gala Gutenberg\",\"isPartOf\":{\"@id\":\"https:\\\/\\\/galagutenberg.ca\\\/#website\"},\"primaryImageOfPage\":{\"@id\":\"https:\\\/\\\/galagutenberg.ca\\\/2024\\\/05\\\/06\\\/le-comite-du-gutenberg-est-heureux-dannoncer-la-nomination-de-serge-loubier-au-poste-de-president-du-gutenberg-2025\\\/#primaryimage\"},\"image\":{\"@id\":\"https:\\\/\\\/galagutenberg.ca\\\/2024\\\/05\\\/06\\\/le-comite-du-gutenberg-est-heureux-dannoncer-la-nomination-de-serge-loubier-au-poste-de-president-du-gutenberg-2025\\\/#primaryimage\"},\"thumbnailUrl\":\"https:\\\/\\\/galagutenberg.ca\\\/wp-content\\\/uploads\\\/2024\\\/05\\\/Serge_Loubier-Gutenberg-2025.jpg\",\"datePublished\":\"2024-05-06T14:00:00+00:00\",\"dateModified\":\"2024-09-05T17:31:50+00:00\",\"author\":{\"@id\":\"https:\\\/\\\/galagutenberg.ca\\\/#\\\/schema\\\/person\\\/19a222a2a1288fe24025fde467360a9e\"},\"breadcrumb\":{\"@id\":\"https:\\\/\\\/galagutenberg.ca\\\/2024\\\/05\\\/06\\\/le-comite-du-gutenberg-est-heureux-dannoncer-la-nomination-de-serge-loubier-au-poste-de-president-du-gutenberg-2025\\\/#breadcrumb\"},\"inLanguage\":\"en-CA\",\"potentialAction\":[{\"@type\":\"ReadAction\",\"target\":[\"https:\\\/\\\/galagutenberg.ca\\\/2024\\\/05\\\/06\\\/le-comite-du-gutenberg-est-heureux-dannoncer-la-nomination-de-serge-loubier-au-poste-de-president-du-gutenberg-2025\\\/\"]}]},{\"@type\":\"ImageObject\",\"inLanguage\":\"en-CA\",\"@id\":\"https:\\\/\\\/galagutenberg.ca\\\/2024\\\/05\\\/06\\\/le-comite-du-gutenberg-est-heureux-dannoncer-la-nomination-de-serge-loubier-au-poste-de-president-du-gutenberg-2025\\\/#primaryimage\",\"url\":\"https:\\\/\\\/galagutenberg.ca\\\/wp-content\\\/uploads\\\/2024\\\/05\\\/Serge_Loubier-Gutenberg-2025.jpg\",\"contentUrl\":\"https:\\\/\\\/galagutenberg.ca\\\/wp-content\\\/uploads\\\/2024\\\/05\\\/Serge_Loubier-Gutenberg-2025.jpg\",\"width\":1000,\"height\":667,\"caption\":\"Serge Loubier, pr\u00e9sident du Gutenberg 2025\"},{\"@type\":\"BreadcrumbList\",\"@id\":\"https:\\\/\\\/galagutenberg.ca\\\/2024\\\/05\\\/06\\\/le-comite-du-gutenberg-est-heureux-dannoncer-la-nomination-de-serge-loubier-au-poste-de-president-du-gutenberg-2025\\\/#breadcrumb\",\"itemListElement\":[{\"@type\":\"ListItem\",\"position\":1,\"name\":\"Accueil\",\"item\":\"https:\\\/\\\/galagutenberg.ca\\\/\"},{\"@type\":\"ListItem\",\"position\":2,\"name\":\"Le Comit\u00e9 Gutenberg est heureux d\u2019annoncer la nomination de Serge Loubier au poste de pr\u00e9sident du Gutenberg 2025\"}]},{\"@type\":\"WebSite\",\"@id\":\"https:\\\/\\\/galagutenberg.ca\\\/#website\",\"url\":\"https:\\\/\\\/galagutenberg.ca\\\/\",\"name\":\"Gala Gutenberg\",\"description\":\"\",\"potentialAction\":[{\"@type\":\"SearchAction\",\"target\":{\"@type\":\"EntryPoint\",\"urlTemplate\":\"https:\\\/\\\/galagutenberg.ca\\\/?s={search_term_string}\"},\"query-input\":{\"@type\":\"PropertyValueSpecification\",\"valueRequired\":true,\"valueName\":\"search_term_string\"}}],\"inLanguage\":\"en-CA\"},{\"@type\":\"Person\",\"@id\":\"https:\\\/\\\/galagutenberg.ca\\\/#\\\/schema\\\/person\\\/19a222a2a1288fe24025fde467360a9e\",\"name\":\"Charlotte Gaudreault\",\"image\":{\"@type\":\"ImageObject\",\"inLanguage\":\"en-CA\",\"@id\":\"https:\\\/\\\/secure.gravatar.com\\\/avatar\\\/207c70368c83b4e40faf8bee73dfc44ca9aee4ec686b2c2c552d357dfc97f720?s=96&d=mm&r=g\",\"url\":\"https:\\\/\\\/secure.gravatar.com\\\/avatar\\\/207c70368c83b4e40faf8bee73dfc44ca9aee4ec686b2c2c552d357dfc97f720?s=96&d=mm&r=g\",\"contentUrl\":\"https:\\\/\\\/secure.gravatar.com\\\/avatar\\\/207c70368c83b4e40faf8bee73dfc44ca9aee4ec686b2c2c552d357dfc97f720?s=96&d=mm&r=g\",\"caption\":\"Charlotte Gaudreault\"}}]}<\/script>\n<!-- \/ Yoast SEO plugin. -->","yoast_head_json":{"title":"Le Comit\u00e9 Gutenberg est heureux d\u2019annoncer la nomination de Serge Loubier au poste de pr\u00e9sident du Gutenberg 2025 - Gala Gutenberg","robots":{"index":"index","follow":"follow","max-snippet":"max-snippet:-1","max-image-preview":"max-image-preview:large","max-video-preview":"max-video-preview:-1"},"canonical":"https:\/\/galagutenberg.ca\/en\/2024\/05\/06\/le-comite-du-gutenberg-est-heureux-dannoncer-la-nomination-de-serge-loubier-au-poste-de-president-du-gutenberg-2025\/","og_locale":"en_US","og_type":"article","og_title":"Le Comit\u00e9 Gutenberg est heureux d\u2019annoncer la nomination de Serge Loubier au poste de pr\u00e9sident du Gutenberg 2025 - Gala Gutenberg","og_description":"Quelques semaines apr\u00e8s le 42e\u00a0Gala, c\u2019est avec fiert\u00e9 que nous annon\u00e7ons la nomination de Serge\u00a0Loubier au poste de Pr\u00e9sident du Comit\u00e9 Gutenberg 2025. \u00ab&nbsp;Serge est un pilier de notre industrie. Il porte en lui une passion d\u00e9vorante pour le monde de l\u2019\u00e9dition qui \u00e9veille admiration, innovation, cr\u00e9ativit\u00e9 et ing\u00e9niosit\u00e9, le tout aliment\u00e9 par un enthousiasme [&hellip;]","og_url":"https:\/\/galagutenberg.ca\/en\/2024\/05\/06\/le-comite-du-gutenberg-est-heureux-dannoncer-la-nomination-de-serge-loubier-au-poste-de-president-du-gutenberg-2025\/","og_site_name":"Gala Gutenberg","article_published_time":"2024-05-06T14:00:00+00:00","article_modified_time":"2024-09-05T17:31:50+00:00","og_image":[{"width":1000,"height":667,"url":"https:\/\/galagutenberg.ca\/wp-content\/uploads\/2024\/05\/Serge_Loubier-Gutenberg-2025.jpg","type":"image\/jpeg"}],"author":"Charlotte Gaudreault","twitter_card":"summary_large_image","twitter_misc":{"Written by":"Charlotte Gaudreault","Est. reading time":"2 minutes"},"schema":{"@context":"https:\/\/schema.org","@graph":[{"@type":"Article","@id":"https:\/\/galagutenberg.ca\/2024\/05\/06\/le-comite-du-gutenberg-est-heureux-dannoncer-la-nomination-de-serge-loubier-au-poste-de-president-du-gutenberg-2025\/#article","isPartOf":{"@id":"https:\/\/galagutenberg.ca\/2024\/05\/06\/le-comite-du-gutenberg-est-heureux-dannoncer-la-nomination-de-serge-loubier-au-poste-de-president-du-gutenberg-2025\/"},"author":{"name":"Charlotte Gaudreault","@id":"https:\/\/galagutenberg.ca\/#\/schema\/person\/19a222a2a1288fe24025fde467360a9e"},"headline":"Le Comit\u00e9 Gutenberg est heureux d\u2019annoncer la nomination de Serge Loubier au poste de pr\u00e9sident du Gutenberg 2025","datePublished":"2024-05-06T14:00:00+00:00","dateModified":"2024-09-05T17:31:50+00:00","mainEntityOfPage":{"@id":"https:\/\/galagutenberg.ca\/2024\/05\/06\/le-comite-du-gutenberg-est-heureux-dannoncer-la-nomination-de-serge-loubier-au-poste-de-president-du-gutenberg-2025\/"},"wordCount":309,"image":{"@id":"https:\/\/galagutenberg.ca\/2024\/05\/06\/le-comite-du-gutenberg-est-heureux-dannoncer-la-nomination-de-serge-loubier-au-poste-de-president-du-gutenberg-2025\/#primaryimage"},"thumbnailUrl":"https:\/\/galagutenberg.ca\/wp-content\/uploads\/2024\/05\/Serge_Loubier-Gutenberg-2025.jpg","keywords":["43eGalaGutenberg","GalaGutenberg2025"],"articleSection":["Communiqu\u00e9 de presse"],"inLanguage":"en-CA"},{"@type":"WebPage","@id":"https:\/\/galagutenberg.ca\/2024\/05\/06\/le-comite-du-gutenberg-est-heureux-dannoncer-la-nomination-de-serge-loubier-au-poste-de-president-du-gutenberg-2025\/","url":"https:\/\/galagutenberg.ca\/2024\/05\/06\/le-comite-du-gutenberg-est-heureux-dannoncer-la-nomination-de-serge-loubier-au-poste-de-president-du-gutenberg-2025\/","name":"Le Comit\u00e9 Gutenberg est heureux d\u2019annoncer la nomination de Serge Loubier au poste de pr\u00e9sident du Gutenberg 2025 - Gala Gutenberg","isPartOf":{"@id":"https:\/\/galagutenberg.ca\/#website"},"primaryImageOfPage":{"@id":"https:\/\/galagutenberg.ca\/2024\/05\/06\/le-comite-du-gutenberg-est-heureux-dannoncer-la-nomination-de-serge-loubier-au-poste-de-president-du-gutenberg-2025\/#primaryimage"},"image":{"@id":"https:\/\/galagutenberg.ca\/2024\/05\/06\/le-comite-du-gutenberg-est-heureux-dannoncer-la-nomination-de-serge-loubier-au-poste-de-president-du-gutenberg-2025\/#primaryimage"},"thumbnailUrl":"https:\/\/galagutenberg.ca\/wp-content\/uploads\/2024\/05\/Serge_Loubier-Gutenberg-2025.jpg","datePublished":"2024-05-06T14:00:00+00:00","dateModified":"2024-09-05T17:31:50+00:00","author":{"@id":"https:\/\/galagutenberg.ca\/#\/schema\/person\/19a222a2a1288fe24025fde467360a9e"},"breadcrumb":{"@id":"https:\/\/galagutenberg.ca\/2024\/05\/06\/le-comite-du-gutenberg-est-heureux-dannoncer-la-nomination-de-serge-loubier-au-poste-de-president-du-gutenberg-2025\/#breadcrumb"},"inLanguage":"en-CA","potentialAction":[{"@type":"ReadAction","target":["https:\/\/galagutenberg.ca\/2024\/05\/06\/le-comite-du-gutenberg-est-heureux-dannoncer-la-nomination-de-serge-loubier-au-poste-de-president-du-gutenberg-2025\/"]}]},{"@type":"ImageObject","inLanguage":"en-CA","@id":"https:\/\/galagutenberg.ca\/2024\/05\/06\/le-comite-du-gutenberg-est-heureux-dannoncer-la-nomination-de-serge-loubier-au-poste-de-president-du-gutenberg-2025\/#primaryimage","url":"https:\/\/galagutenberg.ca\/wp-content\/uploads\/2024\/05\/Serge_Loubier-Gutenberg-2025.jpg","contentUrl":"https:\/\/galagutenberg.ca\/wp-content\/uploads\/2024\/05\/Serge_Loubier-Gutenberg-2025.jpg","width":1000,"height":667,"caption":"Serge Loubier, pr\u00e9sident du Gutenberg 2025"},{"@type":"BreadcrumbList","@id":"https:\/\/galagutenberg.ca\/2024\/05\/06\/le-comite-du-gutenberg-est-heureux-dannoncer-la-nomination-de-serge-loubier-au-poste-de-president-du-gutenberg-2025\/#breadcrumb","itemListElement":[{"@type":"ListItem","position":1,"name":"Accueil","item":"https:\/\/galagutenberg.ca\/"},{"@type":"ListItem","position":2,"name":"Le Comit\u00e9 Gutenberg est heureux d\u2019annoncer la nomination de Serge Loubier au poste de pr\u00e9sident du Gutenberg 2025"}]},{"@type":"WebSite","@id":"https:\/\/galagutenberg.ca\/#website","url":"https:\/\/galagutenberg.ca\/","name":"Gala Gutenberg","description":"","potentialAction":[{"@type":"SearchAction","target":{"@type":"EntryPoint","urlTemplate":"https:\/\/galagutenberg.ca\/?s={search_term_string}"},"query-input":{"@type":"PropertyValueSpecification","valueRequired":true,"valueName":"search_term_string"}}],"inLanguage":"en-CA"},{"@type":"Person","@id":"https:\/\/galagutenberg.ca\/#\/schema\/person\/19a222a2a1288fe24025fde467360a9e","name":"Charlotte Gaudreault","image":{"@type":"ImageObject","inLanguage":"en-CA","@id":"https:\/\/secure.gravatar.com\/avatar\/207c70368c83b4e40faf8bee73dfc44ca9aee4ec686b2c2c552d357dfc97f720?s=96&d=mm&r=g","url":"https:\/\/secure.gravatar.com\/avatar\/207c70368c83b4e40faf8bee73dfc44ca9aee4ec686b2c2c552d357dfc97f720?s=96&d=mm&r=g","contentUrl":"https:\/\/secure.gravatar.com\/avatar\/207c70368c83b4e40faf8bee73dfc44ca9aee4ec686b2c2c552d357dfc97f720?s=96&d=mm&r=g","caption":"Charlotte Gaudreault"}}]}},"_links":{"self":[{"href":"https:\/\/galagutenberg.ca\/en\/wp-json\/wp\/v2\/posts\/14469","targetHints":{"allow":["GET"]}}],"collection":[{"href":"https:\/\/galagutenberg.ca\/en\/wp-json\/wp\/v2\/posts"}],"about":[{"href":"https:\/\/galagutenberg.ca\/en\/wp-json\/wp\/v2\/types\/post"}],"author":[{"embeddable":true,"href":"https:\/\/galagutenberg.ca\/en\/wp-json\/wp\/v2\/users\/7"}],"replies":[{"embeddable":true,"href":"https:\/\/galagutenberg.ca\/en\/wp-json\/wp\/v2\/comments?post=14469"}],"version-history":[{"count":2,"href":"https:\/\/galagutenberg.ca\/en\/wp-json\/wp\/v2\/posts\/14469\/revisions"}],"predecessor-version":[{"id":14953,"href":"https:\/\/galagutenberg.ca\/en\/wp-json\/wp\/v2\/posts\/14469\/revisions\/14953"}],"wp:featuredmedia":[{"embeddable":true,"href":"https:\/\/galagutenberg.ca\/en\/wp-json\/wp\/v2\/media\/14326"}],"wp:attachment":[{"href":"https:\/\/galagutenberg.ca\/en\/wp-json\/wp\/v2\/media?parent=14469"}],"wp:term":[{"taxonomy":"category","embeddable":true,"href":"https:\/\/galagutenberg.ca\/en\/wp-json\/wp\/v2\/categories?post=14469"},{"taxonomy":"post_tag","embeddable":true,"href":"https:\/\/galagutenberg.ca\/en\/wp-json\/wp\/v2\/tags?post=14469"}],"curies":[{"name":"wp","href":"https:\/\/api.w.org\/{rel}","templated":true}]}}