{"id":15022,"date":"2023-06-14T10:00:00","date_gmt":"2023-06-14T14:00:00","guid":{"rendered":"https:\/\/galagutenberg.ca\/?p=15022"},"modified":"2024-09-09T12:26:30","modified_gmt":"2024-09-09T16:26:30","slug":"le-comite-du-gutenberg-est-heureux-dannoncer-la-nomination-de-yoan-robitaille-au-poste-de-president-du-gutenberg-2024","status":"publish","type":"post","link":"https:\/\/galagutenberg.ca\/en\/2023\/06\/14\/le-comite-du-gutenberg-est-heureux-dannoncer-la-nomination-de-yoan-robitaille-au-poste-de-president-du-gutenberg-2024\/","title":{"rendered":"The Gutenberg Committee is pleased to announce the nomination of Yoan Robitaille as President of Gutenberg 2024"},"content":{"rendered":"<p class=\"translation-block\">A few weeks after the 41st Gala, we are proud to announce the nomination of Yoan Robitaille as President of the Gutenberg 2024 Committee.<\/p>\n\n\n\n<p class=\"translation-block\">\"Yoan has been passionate about our industry for over 25 years. Yoan's creativity and involvement enable the whole team to innovate year after year. He has always supported the Gutenberg since the Revolution over 10 years ago. Whether by participating in the Competition and the event, or by offering the Committee invaluable help with the evening's visual production, he's always there. I'm proud to pass on the torch to him,\" explains Martin L\u00e9pine, President of the 41st Gutenberg.<\/p>\n\n\n\n<p>\"WOW I am really shocked... It is with humility and immense joy that I take up the torch. The accomplishments left by my predecessors are great. I will do everything in my power to perpetuate the tradition and ensure that the industry comes out of this event a winner. Thank you for your confidence in me. Rest assured of my dedication and commitment to the Committee and to the industry. And to achieve this, we're counting on your participation. The Contest is open to all players in the print industry, throughout Quebec and even across Canada. From small to large, the challenges are real for everyone, regardless of geographic location or company size. By showcasing all this talent, we can prove to print buyers that anything is possible, even the most extravagant projects!\" explains Yoan Robitaille, President of the Gutenberg 2024 Committee.<\/p>\n\n\n\n<p class=\"translation-block\">With the exceptional collaboration of our sponsors, print production partners and the enthusiasm of our participants, the Organizing Committee is ready to celebrate the 42nd Gutenberg.<\/p>\n\n\n\n<p>Do not hesitate to communicate with the Committee, your comments and ideas are welcome.<\/p>\n\n\n\n<p class=\"translation-block\"><strong>The Gutenberg 2024 Committee:<\/strong><br>\nYoan Robitaille, president of the 42nd Gutenberg, Martin L\u00e9pine, \u00c9ric Lamontagne, Carmela Martinez, Charlotte Gaudreault, Andr\u00e9 Goyette, Chantal Vall\u00e9e,\nH\u00e9l\u00e8ne Pageau, Karl Belafi Jr, Mariane Beauchesne-Chr\u00e9tien, Marie-Eve Hupp\u00e9, Patrick Choquet, St\u00e9phane Abraham, Suzie Gaudreault, Pascal Ross, Julie \u00c9thier et Andrew Lacoste.<\/p>\n\n\n\n<p><strong>The Gutenberg<\/strong><br>Packaging, flexography, large format, offset, digital, cutting, lamination, finishing, binding, ennobling of all kinds, regardless of your field of expertise, participate and be proud of your creations.<\/p>\n\n\n\n<p>Results of the 2023 Contest in pictures and videos at&nbsp;<a href=\"https:\/\/galagutenberg.ca\/en\/gala-2023\/\"><strong>https:\/\/galagutenberg.ca\/en\/gala-2023\/<\/strong><\/a><\/p>\n\n\n\n<p>-30-<\/p>\n\n\n\n<p><strong>Information:<\/strong><br>H\u00e9l\u00e8ne Pageau<br>Member of the Gutenberg Committee<br>514-389-5061 ext. 10238<br><a href=\"mailto:helene.pageau@i-ci.ca\"><strong>helene.pageau@i-ci.ca<\/strong><\/a><\/p>","protected":false},"excerpt":{"rendered":"<p>Quelques semaines apr\u00e8s le 41e&nbsp;Gala, c\u2019est avec fiert\u00e9 que nous annon\u00e7ons la nomination de Yoan Robitaille, au poste de Pr\u00e9sident du Comit\u00e9 Gutenberg 2024. \u00ab&nbsp;Yoan est un passionn\u00e9 de notre Industrie depuis plus de 25 ans. La cr\u00e9ativit\u00e9 et l\u2019implication de Yoan permet \u00e0 toute l\u2019\u00e9quipe d\u2019innover d\u2019ann\u00e9e en ann\u00e9e. Il a toujours soutenu le [&hellip;]<\/p>\n","protected":false},"author":7,"featured_media":11246,"comment_status":"closed","ping_status":"closed","sticky":false,"template":"","format":"standard","meta":{"site-sidebar-layout":"default","site-content-layout":"","ast-site-content-layout":"default","site-content-style":"default","site-sidebar-style":"default","ast-global-header-display":"","ast-banner-title-visibility":"","ast-main-header-display":"","ast-hfb-above-header-display":"","ast-hfb-below-header-display":"","ast-hfb-mobile-header-display":"","site-post-title":"","ast-breadcrumbs-content":"","ast-featured-img":"","footer-sml-layout":"","ast-disable-related-posts":"","theme-transparent-header-meta":"","adv-header-id-meta":"","stick-header-meta":"","header-above-stick-meta":"","header-main-stick-meta":"","header-below-stick-meta":"","astra-migrate-meta-layouts":"set","ast-page-background-enabled":"default","ast-page-background-meta":{"desktop":{"background-color":"","background-image":"","background-repeat":"repeat","background-position":"center center","background-size":"auto","background-attachment":"scroll","background-type":"","background-media":"","overlay-type":"","overlay-color":"","overlay-opacity":"","overlay-gradient":""},"tablet":{"background-color":"","background-image":"","background-repeat":"repeat","background-position":"center center","background-size":"auto","background-attachment":"scroll","background-type":"","background-media":"","overlay-type":"","overlay-color":"","overlay-opacity":"","overlay-gradient":""},"mobile":{"background-color":"","background-image":"","background-repeat":"repeat","background-position":"center center","background-size":"auto","background-attachment":"scroll","background-type":"","background-media":"","overlay-type":"","overlay-color":"","overlay-opacity":"","overlay-gradient":""}},"ast-content-background-meta":{"desktop":{"background-color":"var(--ast-global-color-5)","background-image":"","background-repeat":"repeat","background-position":"center center","background-size":"auto","background-attachment":"scroll","background-type":"","background-media":"","overlay-type":"","overlay-color":"","overlay-opacity":"","overlay-gradient":""},"tablet":{"background-color":"var(--ast-global-color-5)","background-image":"","background-repeat":"repeat","background-position":"center center","background-size":"auto","background-attachment":"scroll","background-type":"","background-media":"","overlay-type":"","overlay-color":"","overlay-opacity":"","overlay-gradient":""},"mobile":{"background-color":"var(--ast-global-color-5)","background-image":"","background-repeat":"repeat","background-position":"center center","background-size":"auto","background-attachment":"scroll","background-type":"","background-media":"","overlay-type":"","overlay-color":"","overlay-opacity":"","overlay-gradient":""}},"ngg_post_thumbnail":0,"footnotes":""},"categories":[12],"tags":[18,19],"class_list":["post-15022","post","type-post","status-publish","format-standard","has-post-thumbnail","hentry","category-communique-de-presse","tag-42egalagutenberg","tag-galagutenberg2024"],"yoast_head":"<!-- This site is optimized with the Yoast SEO plugin v27.4 - https:\/\/yoast.com\/product\/yoast-seo-wordpress\/ -->\n<title>Le Comit\u00e9 du Gutenberg est heureux d\u2019annoncer la nomination de Yoan Robitaille au poste de pr\u00e9sident du Gutenberg 2024 - Gala Gutenberg<\/title>\n<meta name=\"robots\" content=\"index, follow, max-snippet:-1, max-image-preview:large, max-video-preview:-1\" \/>\n<link rel=\"canonical\" href=\"https:\/\/galagutenberg.ca\/en\/2023\/06\/14\/le-comite-du-gutenberg-est-heureux-dannoncer-la-nomination-de-yoan-robitaille-au-poste-de-president-du-gutenberg-2024\/\" \/>\n<meta property=\"og:locale\" content=\"en_US\" \/>\n<meta property=\"og:type\" content=\"article\" \/>\n<meta property=\"og:title\" content=\"Le Comit\u00e9 du Gutenberg est heureux d\u2019annoncer la nomination de Yoan Robitaille au poste de pr\u00e9sident du Gutenberg 2024 - Gala Gutenberg\" \/>\n<meta property=\"og:description\" content=\"Quelques semaines apr\u00e8s le 41e&nbsp;Gala, c\u2019est avec fiert\u00e9 que nous annon\u00e7ons la nomination de Yoan Robitaille, au poste de Pr\u00e9sident du Comit\u00e9 Gutenberg 2024. \u00ab&nbsp;Yoan est un passionn\u00e9 de notre Industrie depuis plus de 25 ans. La cr\u00e9ativit\u00e9 et l\u2019implication de Yoan permet \u00e0 toute l\u2019\u00e9quipe d\u2019innover d\u2019ann\u00e9e en ann\u00e9e. Il a toujours soutenu le [&hellip;]\" \/>\n<meta property=\"og:url\" content=\"https:\/\/galagutenberg.ca\/en\/2023\/06\/14\/le-comite-du-gutenberg-est-heureux-dannoncer-la-nomination-de-yoan-robitaille-au-poste-de-president-du-gutenberg-2024\/\" \/>\n<meta property=\"og:site_name\" content=\"Gala Gutenberg\" \/>\n<meta property=\"article:published_time\" content=\"2023-06-14T14:00:00+00:00\" \/>\n<meta property=\"article:modified_time\" content=\"2024-09-09T16:26:30+00:00\" \/>\n<meta property=\"og:image\" content=\"https:\/\/galagutenberg.ca\/wp-content\/uploads\/2023\/06\/Yoan-Robitaille-President-Gutenberg-2024.jpg\" \/>\n\t<meta property=\"og:image:width\" content=\"604\" \/>\n\t<meta property=\"og:image:height\" content=\"630\" \/>\n\t<meta property=\"og:image:type\" content=\"image\/jpeg\" \/>\n<meta name=\"author\" content=\"Charlotte Gaudreault\" \/>\n<meta name=\"twitter:card\" content=\"summary_large_image\" \/>\n<meta name=\"twitter:label1\" content=\"Written by\" \/>\n\t<meta name=\"twitter:data1\" content=\"Charlotte Gaudreault\" \/>\n\t<meta name=\"twitter:label2\" content=\"Est. reading time\" \/>\n\t<meta name=\"twitter:data2\" content=\"3 minutes\" \/>\n<script type=\"application\/ld+json\" class=\"yoast-schema-graph\">{\"@context\":\"https:\\\/\\\/schema.org\",\"@graph\":[{\"@type\":\"Article\",\"@id\":\"https:\\\/\\\/galagutenberg.ca\\\/2023\\\/06\\\/14\\\/le-comite-du-gutenberg-est-heureux-dannoncer-la-nomination-de-yoan-robitaille-au-poste-de-president-du-gutenberg-2024\\\/#article\",\"isPartOf\":{\"@id\":\"https:\\\/\\\/galagutenberg.ca\\\/2023\\\/06\\\/14\\\/le-comite-du-gutenberg-est-heureux-dannoncer-la-nomination-de-yoan-robitaille-au-poste-de-president-du-gutenberg-2024\\\/\"},\"author\":{\"name\":\"Charlotte Gaudreault\",\"@id\":\"https:\\\/\\\/galagutenberg.ca\\\/#\\\/schema\\\/person\\\/19a222a2a1288fe24025fde467360a9e\"},\"headline\":\"Le Comit\u00e9 du Gutenberg est heureux d\u2019annoncer la nomination de Yoan Robitaille au poste de pr\u00e9sident du Gutenberg 2024\",\"datePublished\":\"2023-06-14T14:00:00+00:00\",\"dateModified\":\"2024-09-09T16:26:30+00:00\",\"mainEntityOfPage\":{\"@id\":\"https:\\\/\\\/galagutenberg.ca\\\/2023\\\/06\\\/14\\\/le-comite-du-gutenberg-est-heureux-dannoncer-la-nomination-de-yoan-robitaille-au-poste-de-president-du-gutenberg-2024\\\/\"},\"wordCount\":492,\"image\":{\"@id\":\"https:\\\/\\\/galagutenberg.ca\\\/2023\\\/06\\\/14\\\/le-comite-du-gutenberg-est-heureux-dannoncer-la-nomination-de-yoan-robitaille-au-poste-de-president-du-gutenberg-2024\\\/#primaryimage\"},\"thumbnailUrl\":\"https:\\\/\\\/galagutenberg.ca\\\/wp-content\\\/uploads\\\/2023\\\/06\\\/Yoan-Robitaille-President-Gutenberg-2024.jpg\",\"keywords\":[\"42eGalaGutenberg\",\"GalaGutenberg2024\"],\"articleSection\":[\"Communiqu\u00e9 de presse\"],\"inLanguage\":\"en-CA\"},{\"@type\":\"WebPage\",\"@id\":\"https:\\\/\\\/galagutenberg.ca\\\/2023\\\/06\\\/14\\\/le-comite-du-gutenberg-est-heureux-dannoncer-la-nomination-de-yoan-robitaille-au-poste-de-president-du-gutenberg-2024\\\/\",\"url\":\"https:\\\/\\\/galagutenberg.ca\\\/2023\\\/06\\\/14\\\/le-comite-du-gutenberg-est-heureux-dannoncer-la-nomination-de-yoan-robitaille-au-poste-de-president-du-gutenberg-2024\\\/\",\"name\":\"Le Comit\u00e9 du Gutenberg est heureux d\u2019annoncer la nomination de Yoan Robitaille au poste de pr\u00e9sident du Gutenberg 2024 - Gala Gutenberg\",\"isPartOf\":{\"@id\":\"https:\\\/\\\/galagutenberg.ca\\\/#website\"},\"primaryImageOfPage\":{\"@id\":\"https:\\\/\\\/galagutenberg.ca\\\/2023\\\/06\\\/14\\\/le-comite-du-gutenberg-est-heureux-dannoncer-la-nomination-de-yoan-robitaille-au-poste-de-president-du-gutenberg-2024\\\/#primaryimage\"},\"image\":{\"@id\":\"https:\\\/\\\/galagutenberg.ca\\\/2023\\\/06\\\/14\\\/le-comite-du-gutenberg-est-heureux-dannoncer-la-nomination-de-yoan-robitaille-au-poste-de-president-du-gutenberg-2024\\\/#primaryimage\"},\"thumbnailUrl\":\"https:\\\/\\\/galagutenberg.ca\\\/wp-content\\\/uploads\\\/2023\\\/06\\\/Yoan-Robitaille-President-Gutenberg-2024.jpg\",\"datePublished\":\"2023-06-14T14:00:00+00:00\",\"dateModified\":\"2024-09-09T16:26:30+00:00\",\"author\":{\"@id\":\"https:\\\/\\\/galagutenberg.ca\\\/#\\\/schema\\\/person\\\/19a222a2a1288fe24025fde467360a9e\"},\"breadcrumb\":{\"@id\":\"https:\\\/\\\/galagutenberg.ca\\\/2023\\\/06\\\/14\\\/le-comite-du-gutenberg-est-heureux-dannoncer-la-nomination-de-yoan-robitaille-au-poste-de-president-du-gutenberg-2024\\\/#breadcrumb\"},\"inLanguage\":\"en-CA\",\"potentialAction\":[{\"@type\":\"ReadAction\",\"target\":[\"https:\\\/\\\/galagutenberg.ca\\\/2023\\\/06\\\/14\\\/le-comite-du-gutenberg-est-heureux-dannoncer-la-nomination-de-yoan-robitaille-au-poste-de-president-du-gutenberg-2024\\\/\"]}]},{\"@type\":\"ImageObject\",\"inLanguage\":\"en-CA\",\"@id\":\"https:\\\/\\\/galagutenberg.ca\\\/2023\\\/06\\\/14\\\/le-comite-du-gutenberg-est-heureux-dannoncer-la-nomination-de-yoan-robitaille-au-poste-de-president-du-gutenberg-2024\\\/#primaryimage\",\"url\":\"https:\\\/\\\/galagutenberg.ca\\\/wp-content\\\/uploads\\\/2023\\\/06\\\/Yoan-Robitaille-President-Gutenberg-2024.jpg\",\"contentUrl\":\"https:\\\/\\\/galagutenberg.ca\\\/wp-content\\\/uploads\\\/2023\\\/06\\\/Yoan-Robitaille-President-Gutenberg-2024.jpg\",\"width\":604,\"height\":630},{\"@type\":\"BreadcrumbList\",\"@id\":\"https:\\\/\\\/galagutenberg.ca\\\/2023\\\/06\\\/14\\\/le-comite-du-gutenberg-est-heureux-dannoncer-la-nomination-de-yoan-robitaille-au-poste-de-president-du-gutenberg-2024\\\/#breadcrumb\",\"itemListElement\":[{\"@type\":\"ListItem\",\"position\":1,\"name\":\"Accueil\",\"item\":\"https:\\\/\\\/galagutenberg.ca\\\/\"},{\"@type\":\"ListItem\",\"position\":2,\"name\":\"Le Comit\u00e9 du Gutenberg est heureux d\u2019annoncer la nomination de Yoan Robitaille au poste de pr\u00e9sident du Gutenberg 2024\"}]},{\"@type\":\"WebSite\",\"@id\":\"https:\\\/\\\/galagutenberg.ca\\\/#website\",\"url\":\"https:\\\/\\\/galagutenberg.ca\\\/\",\"name\":\"Gala Gutenberg\",\"description\":\"\",\"potentialAction\":[{\"@type\":\"SearchAction\",\"target\":{\"@type\":\"EntryPoint\",\"urlTemplate\":\"https:\\\/\\\/galagutenberg.ca\\\/?s={search_term_string}\"},\"query-input\":{\"@type\":\"PropertyValueSpecification\",\"valueRequired\":true,\"valueName\":\"search_term_string\"}}],\"inLanguage\":\"en-CA\"},{\"@type\":\"Person\",\"@id\":\"https:\\\/\\\/galagutenberg.ca\\\/#\\\/schema\\\/person\\\/19a222a2a1288fe24025fde467360a9e\",\"name\":\"Charlotte Gaudreault\",\"image\":{\"@type\":\"ImageObject\",\"inLanguage\":\"en-CA\",\"@id\":\"https:\\\/\\\/secure.gravatar.com\\\/avatar\\\/207c70368c83b4e40faf8bee73dfc44ca9aee4ec686b2c2c552d357dfc97f720?s=96&d=mm&r=g\",\"url\":\"https:\\\/\\\/secure.gravatar.com\\\/avatar\\\/207c70368c83b4e40faf8bee73dfc44ca9aee4ec686b2c2c552d357dfc97f720?s=96&d=mm&r=g\",\"contentUrl\":\"https:\\\/\\\/secure.gravatar.com\\\/avatar\\\/207c70368c83b4e40faf8bee73dfc44ca9aee4ec686b2c2c552d357dfc97f720?s=96&d=mm&r=g\",\"caption\":\"Charlotte Gaudreault\"}}]}<\/script>\n<!-- \/ Yoast SEO plugin. -->","yoast_head_json":{"title":"Le Comit\u00e9 du Gutenberg est heureux d\u2019annoncer la nomination de Yoan Robitaille au poste de pr\u00e9sident du Gutenberg 2024 - Gala Gutenberg","robots":{"index":"index","follow":"follow","max-snippet":"max-snippet:-1","max-image-preview":"max-image-preview:large","max-video-preview":"max-video-preview:-1"},"canonical":"https:\/\/galagutenberg.ca\/en\/2023\/06\/14\/le-comite-du-gutenberg-est-heureux-dannoncer-la-nomination-de-yoan-robitaille-au-poste-de-president-du-gutenberg-2024\/","og_locale":"en_US","og_type":"article","og_title":"Le Comit\u00e9 du Gutenberg est heureux d\u2019annoncer la nomination de Yoan Robitaille au poste de pr\u00e9sident du Gutenberg 2024 - Gala Gutenberg","og_description":"Quelques semaines apr\u00e8s le 41e&nbsp;Gala, c\u2019est avec fiert\u00e9 que nous annon\u00e7ons la nomination de Yoan Robitaille, au poste de Pr\u00e9sident du Comit\u00e9 Gutenberg 2024. \u00ab&nbsp;Yoan est un passionn\u00e9 de notre Industrie depuis plus de 25 ans. La cr\u00e9ativit\u00e9 et l\u2019implication de Yoan permet \u00e0 toute l\u2019\u00e9quipe d\u2019innover d\u2019ann\u00e9e en ann\u00e9e. Il a toujours soutenu le [&hellip;]","og_url":"https:\/\/galagutenberg.ca\/en\/2023\/06\/14\/le-comite-du-gutenberg-est-heureux-dannoncer-la-nomination-de-yoan-robitaille-au-poste-de-president-du-gutenberg-2024\/","og_site_name":"Gala Gutenberg","article_published_time":"2023-06-14T14:00:00+00:00","article_modified_time":"2024-09-09T16:26:30+00:00","og_image":[{"width":604,"height":630,"url":"https:\/\/galagutenberg.ca\/wp-content\/uploads\/2023\/06\/Yoan-Robitaille-President-Gutenberg-2024.jpg","type":"image\/jpeg"}],"author":"Charlotte Gaudreault","twitter_card":"summary_large_image","twitter_misc":{"Written by":"Charlotte Gaudreault","Est. reading time":"3 minutes"},"schema":{"@context":"https:\/\/schema.org","@graph":[{"@type":"Article","@id":"https:\/\/galagutenberg.ca\/2023\/06\/14\/le-comite-du-gutenberg-est-heureux-dannoncer-la-nomination-de-yoan-robitaille-au-poste-de-president-du-gutenberg-2024\/#article","isPartOf":{"@id":"https:\/\/galagutenberg.ca\/2023\/06\/14\/le-comite-du-gutenberg-est-heureux-dannoncer-la-nomination-de-yoan-robitaille-au-poste-de-president-du-gutenberg-2024\/"},"author":{"name":"Charlotte Gaudreault","@id":"https:\/\/galagutenberg.ca\/#\/schema\/person\/19a222a2a1288fe24025fde467360a9e"},"headline":"Le Comit\u00e9 du Gutenberg est heureux d\u2019annoncer la nomination de Yoan Robitaille au poste de pr\u00e9sident du Gutenberg 2024","datePublished":"2023-06-14T14:00:00+00:00","dateModified":"2024-09-09T16:26:30+00:00","mainEntityOfPage":{"@id":"https:\/\/galagutenberg.ca\/2023\/06\/14\/le-comite-du-gutenberg-est-heureux-dannoncer-la-nomination-de-yoan-robitaille-au-poste-de-president-du-gutenberg-2024\/"},"wordCount":492,"image":{"@id":"https:\/\/galagutenberg.ca\/2023\/06\/14\/le-comite-du-gutenberg-est-heureux-dannoncer-la-nomination-de-yoan-robitaille-au-poste-de-president-du-gutenberg-2024\/#primaryimage"},"thumbnailUrl":"https:\/\/galagutenberg.ca\/wp-content\/uploads\/2023\/06\/Yoan-Robitaille-President-Gutenberg-2024.jpg","keywords":["42eGalaGutenberg","GalaGutenberg2024"],"articleSection":["Communiqu\u00e9 de presse"],"inLanguage":"en-CA"},{"@type":"WebPage","@id":"https:\/\/galagutenberg.ca\/2023\/06\/14\/le-comite-du-gutenberg-est-heureux-dannoncer-la-nomination-de-yoan-robitaille-au-poste-de-president-du-gutenberg-2024\/","url":"https:\/\/galagutenberg.ca\/2023\/06\/14\/le-comite-du-gutenberg-est-heureux-dannoncer-la-nomination-de-yoan-robitaille-au-poste-de-president-du-gutenberg-2024\/","name":"Le Comit\u00e9 du Gutenberg est heureux d\u2019annoncer la nomination de Yoan Robitaille au poste de pr\u00e9sident du Gutenberg 2024 - Gala Gutenberg","isPartOf":{"@id":"https:\/\/galagutenberg.ca\/#website"},"primaryImageOfPage":{"@id":"https:\/\/galagutenberg.ca\/2023\/06\/14\/le-comite-du-gutenberg-est-heureux-dannoncer-la-nomination-de-yoan-robitaille-au-poste-de-president-du-gutenberg-2024\/#primaryimage"},"image":{"@id":"https:\/\/galagutenberg.ca\/2023\/06\/14\/le-comite-du-gutenberg-est-heureux-dannoncer-la-nomination-de-yoan-robitaille-au-poste-de-president-du-gutenberg-2024\/#primaryimage"},"thumbnailUrl":"https:\/\/galagutenberg.ca\/wp-content\/uploads\/2023\/06\/Yoan-Robitaille-President-Gutenberg-2024.jpg","datePublished":"2023-06-14T14:00:00+00:00","dateModified":"2024-09-09T16:26:30+00:00","author":{"@id":"https:\/\/galagutenberg.ca\/#\/schema\/person\/19a222a2a1288fe24025fde467360a9e"},"breadcrumb":{"@id":"https:\/\/galagutenberg.ca\/2023\/06\/14\/le-comite-du-gutenberg-est-heureux-dannoncer-la-nomination-de-yoan-robitaille-au-poste-de-president-du-gutenberg-2024\/#breadcrumb"},"inLanguage":"en-CA","potentialAction":[{"@type":"ReadAction","target":["https:\/\/galagutenberg.ca\/2023\/06\/14\/le-comite-du-gutenberg-est-heureux-dannoncer-la-nomination-de-yoan-robitaille-au-poste-de-president-du-gutenberg-2024\/"]}]},{"@type":"ImageObject","inLanguage":"en-CA","@id":"https:\/\/galagutenberg.ca\/2023\/06\/14\/le-comite-du-gutenberg-est-heureux-dannoncer-la-nomination-de-yoan-robitaille-au-poste-de-president-du-gutenberg-2024\/#primaryimage","url":"https:\/\/galagutenberg.ca\/wp-content\/uploads\/2023\/06\/Yoan-Robitaille-President-Gutenberg-2024.jpg","contentUrl":"https:\/\/galagutenberg.ca\/wp-content\/uploads\/2023\/06\/Yoan-Robitaille-President-Gutenberg-2024.jpg","width":604,"height":630},{"@type":"BreadcrumbList","@id":"https:\/\/galagutenberg.ca\/2023\/06\/14\/le-comite-du-gutenberg-est-heureux-dannoncer-la-nomination-de-yoan-robitaille-au-poste-de-president-du-gutenberg-2024\/#breadcrumb","itemListElement":[{"@type":"ListItem","position":1,"name":"Accueil","item":"https:\/\/galagutenberg.ca\/"},{"@type":"ListItem","position":2,"name":"Le Comit\u00e9 du Gutenberg est heureux d\u2019annoncer la nomination de Yoan Robitaille au poste de pr\u00e9sident du Gutenberg 2024"}]},{"@type":"WebSite","@id":"https:\/\/galagutenberg.ca\/#website","url":"https:\/\/galagutenberg.ca\/","name":"Gala Gutenberg","description":"","potentialAction":[{"@type":"SearchAction","target":{"@type":"EntryPoint","urlTemplate":"https:\/\/galagutenberg.ca\/?s={search_term_string}"},"query-input":{"@type":"PropertyValueSpecification","valueRequired":true,"valueName":"search_term_string"}}],"inLanguage":"en-CA"},{"@type":"Person","@id":"https:\/\/galagutenberg.ca\/#\/schema\/person\/19a222a2a1288fe24025fde467360a9e","name":"Charlotte Gaudreault","image":{"@type":"ImageObject","inLanguage":"en-CA","@id":"https:\/\/secure.gravatar.com\/avatar\/207c70368c83b4e40faf8bee73dfc44ca9aee4ec686b2c2c552d357dfc97f720?s=96&d=mm&r=g","url":"https:\/\/secure.gravatar.com\/avatar\/207c70368c83b4e40faf8bee73dfc44ca9aee4ec686b2c2c552d357dfc97f720?s=96&d=mm&r=g","contentUrl":"https:\/\/secure.gravatar.com\/avatar\/207c70368c83b4e40faf8bee73dfc44ca9aee4ec686b2c2c552d357dfc97f720?s=96&d=mm&r=g","caption":"Charlotte Gaudreault"}}]}},"_links":{"self":[{"href":"https:\/\/galagutenberg.ca\/en\/wp-json\/wp\/v2\/posts\/15022","targetHints":{"allow":["GET"]}}],"collection":[{"href":"https:\/\/galagutenberg.ca\/en\/wp-json\/wp\/v2\/posts"}],"about":[{"href":"https:\/\/galagutenberg.ca\/en\/wp-json\/wp\/v2\/types\/post"}],"author":[{"embeddable":true,"href":"https:\/\/galagutenberg.ca\/en\/wp-json\/wp\/v2\/users\/7"}],"replies":[{"embeddable":true,"href":"https:\/\/galagutenberg.ca\/en\/wp-json\/wp\/v2\/comments?post=15022"}],"version-history":[{"count":1,"href":"https:\/\/galagutenberg.ca\/en\/wp-json\/wp\/v2\/posts\/15022\/revisions"}],"predecessor-version":[{"id":15023,"href":"https:\/\/galagutenberg.ca\/en\/wp-json\/wp\/v2\/posts\/15022\/revisions\/15023"}],"wp:featuredmedia":[{"embeddable":true,"href":"https:\/\/galagutenberg.ca\/en\/wp-json\/wp\/v2\/media\/11246"}],"wp:attachment":[{"href":"https:\/\/galagutenberg.ca\/en\/wp-json\/wp\/v2\/media?parent=15022"}],"wp:term":[{"taxonomy":"category","embeddable":true,"href":"https:\/\/galagutenberg.ca\/en\/wp-json\/wp\/v2\/categories?post=15022"},{"taxonomy":"post_tag","embeddable":true,"href":"https:\/\/galagutenberg.ca\/en\/wp-json\/wp\/v2\/tags?post=15022"}],"curies":[{"name":"wp","href":"https:\/\/api.w.org\/{rel}","templated":true}]}}