{"id":15024,"date":"2023-06-02T10:00:00","date_gmt":"2023-06-02T14:00:00","guid":{"rendered":"https:\/\/galagutenberg.ca\/?p=15024"},"modified":"2024-09-09T13:22:00","modified_gmt":"2024-09-09T17:22:00","slug":"le-gutenberg-a-celebre-41-ans-dexcellence-de-limprime","status":"publish","type":"post","link":"https:\/\/galagutenberg.ca\/en\/2023\/06\/02\/le-gutenberg-a-celebre-41-ans-dexcellence-de-limprime\/","title":{"rendered":"The Gutenberg celebrated 41 years of print excellence!"},"content":{"rendered":"<p class=\"translation-block\"><span style=\"font-style: inherit;font-weight: inherit;color: var( --e-global-color-text );font-family: -apple-system, BlinkMacSystemFont, 'Segoe UI', Roboto, Oxygen-Sans, Ubuntu, Cantarell, 'Helvetica Neue', sans-serif\">Last night, the 41<sup>st<\/sup> Gala Gutenberg was held at the Salle de Bal du March\u00e9 Bonsecours in Montreal. Over 450 enthusiasts celebrated excellence in print!<\/span><\/p>\n\n\n\n<p>In a wonderful atmosphere, the cocktail party, the exhibition of the pieces and the evening award ceremony for the prestigious Gutenberg trophies took place.<\/p>\n\n\n\n<p>The Gutenberg Gala is the premier event of the printing industry. It highlights the talent, creativity, and expertise of its artisans.<\/p>\n\n\n\n<p>\u00ab Le Comit\u00e9 a travaill\u00e9 tr\u00e8s fort pour pr\u00e9parer ce 41<sup>th<\/sup>&nbsp;Gutenberg, et a eu le privil\u00e8ge d\u2019obtenir l\u2019appui de nombreux partenaires dont Divicor, notre partenaire Diamant, Canon, Enveloppe Concept, Komcan Komori, Konica Minolta, Ricoh, Rolland et SupremeX. Remercions \u00e9galement nos partenaires Or, Argent et Bronze, qui supportent le Gutenberg avec fiert\u00e9 \u00bb, explique Martin L\u00e9pine, pr\u00e9sident du 41<sup>th<\/sup>&nbsp;Gutenberg.<\/p>\n\n\n\n<p>\"Some new companies have demonstrated their know-how and sense of innovation. The Committee is pleased to discover that some of the newcomers to the Competition are very small companies operating in all sectors of production. These companies, proud of their achievements, have presented highly original pieces, with high technical challenges\", explains Martin L\u00e9pine.<\/p>\n\n\n\n<p>The new Mention Hors Qu\u00e9bec attracted the attention of new participants in the Competition. The Mention Hors Qu\u00e9bec is awarded to the piece printed in Canada, but outside Quebec, that receives the highest score in all categories. \"The Mention will certainly be back in 2024! We're delighted that interest in the Competition and Gala continues to grow,\" adds Martin L\u00e9pine.<\/p>\n\n\n\n<p>\u00ab Notre Industrie est tellement vivante et inspirante. Nos activit\u00e9s font partie int\u00e9grante de l\u2019\u00e9conomie avec des dizaines de milliers d\u2019employ\u00e9s, au Qu\u00e9bec seulement. Nous sommes indispensables dans la chaine des communications graphiques, soyons-en fiers&nbsp;! Le Gutenberg est l\u2019occasion par excellence de c\u00e9l\u00e9brer notre Industrie et l\u2019imprim\u00e9 sous toutes ses formes. L\u2019atmosph\u00e8re \u00e9tait fantastique, les coll\u00e8gues heureux de se retrouver et le d\u00e9cor, flamboyant&nbsp;! Quelle merveilleuse soir\u00e9e&nbsp;! Continuez de vous impliquer afin de faire rayonner notre dynamique Industrie \u00bb conclut Martin L\u00e9pine, pr\u00e9sident du Gutenberg 2023.<\/p>\n\n\n\n<p><strong>Les fiers gagnants 2023 :<\/strong><\/p>\n\n\n\n<p>On this wonderful Gala evening, 16 Gutenberg trophies and one Mention Hors Qu\u00e9bec were awarded to the proud winners.<\/p>\n\n\n\n<p><strong>\u00c9dition \u2013 Livres<\/strong><br>TC Transcontinental Interglobe<br><em>Le livre de 1,8 livre<\/em><\/p>\n\n\n\n<p><strong>\u00c9dition \u2013 Magazines<\/strong><br>Imprimerie HLN<br><em>Bitcoin Magazine<\/em><\/p>\n\n\n\n<p><strong>Packaging<\/strong><br>Emballage Madovar<br><em>Cognac D\u2019USS\u00c9 XO<\/em><\/p>\n\n\n\n<p><strong>Flexible Packaging<\/strong><br>IMS<br><em>Naruto<\/em><\/p>\n\n\n\n<p><strong>Display<\/strong><br>Lamcom Technologies<br><em>Habillage corridors \u00ab Espace Sciences Nature \u00bb<\/em><\/p>\n\n\n\n<p><strong>Ennoblement, finishing and\ncomplementary processes<br><\/strong>L\u2019Empreinte<br><em>Penthouse Sir Charles<\/em><\/p>\n\n\n\n<p><strong>Marketing Self-Promotion<\/strong><br>Pr\u00e9cigrafik<br><em>Calendrier 12 mois en 14 \u00e9tapes<\/em><\/p>\n\n\n\n<p><strong>Marketing Customer<\/strong><br>Montroy<br><em>High Jewellery Collection<\/em><\/p>\n\n\n\n<p><strong>Labels<\/strong><br>Imprimerie Ste-Julie<br><em>Nomades Gin<\/em><\/p>\n\n\n\n<p><strong>100% digital<\/strong><br>Paragraph<br><em>Case Card Ultimate Edition<\/em><\/p>\n\n\n\n<p><strong>Non-Conventional Material<\/strong><br>Pr\u00e9cigrafik<br><em>Station photo Manga recyclable<\/em><\/p>\n\n\n\n<p><strong>Binding<\/strong><br>Industries Phomere<br><em>Menu Bar 1608<\/em><\/p>\n\n\n\n<p><strong>GutenVERT<\/strong><br>L\u2019Empreinte<br><em>Sant\u00e9! Ensemble promotionnel<\/em><\/p>\n\n\n\n<p><strong>L\u2019Audacieux<\/strong><br>Paragraph<br><em>Case Card Ultimate Edition<\/em><\/p>\n\n\n\n<p><strong>Mention Hors Qu\u00e9bec<\/strong><br>Friesens Corporation<br><em>Le Qu\u00e9bec vu d\u2019en haut<\/em><\/p>\n\n\n\n<p><strong>Coup de coeur du jury<\/strong><br>Emballage Madovar<br><em>Wynn<\/em><\/p>\n\n\n\n<p><strong>Coup de coeur du public<br><\/strong>Solisco<br><em>F\u00eates magiques<\/em><\/p>\n\n\n\n<p><strong>Members of the Gutenberg 2023 Organizing Committee :<\/strong><br>Martin&nbsp;L\u00e9pine, pr\u00e9sident du 41<sup>th<\/sup>&nbsp;Gutenberg, \u00c9ric&nbsp;Lamontagne, Carmela&nbsp;Martinez, Andr\u00e9&nbsp;Goyette, Chantal&nbsp;Vall\u00e9e, Charlotte&nbsp;Gaudreault, H\u00e9l\u00e8ne&nbsp;Pageau, Karl&nbsp;Belafi&nbsp;Jr, Mariane&nbsp;Beauchesne-Chr\u00e9tien, Marie-Eve&nbsp;Hupp\u00e9, Patrick&nbsp;Choquet, St\u00e9phane&nbsp;Abraham, Suzie&nbsp;Gaudreault et Yoan&nbsp;Robitaille.<\/p>\n\n\n\n<p><strong>For images and all the results of the 2023 Contest :<\/strong><br><a href=\"https:\/\/galagutenberg.ca\/en\/gala-2023\/\">https:\/\/galagutenberg.ca\/en\/gala-2023\/<\/a><\/p>\n\n\n\n<p>-30-<\/p>\n\n\n\n<p><strong>For further information, please contact<\/strong><br>H\u00e9l\u00e8ne Pageau<br>Member of the Gutenberg Committee 2012-2023<br>Printability and Graphic Communications Institute (ICI)<a href=\"mailto:helene.pageau@i-ci.ca\"><br>helene.pageau@i-ci.ca<\/a><\/p>","protected":false},"excerpt":{"rendered":"<p>Hier soir, avait lieu \u00e0 la Salle de Bal du March\u00e9 Bonsecours \u00e0 Montr\u00e9al, le 41e&nbsp;Gala Gutenberg. Plus de 450 adeptes y ont c\u00e9l\u00e9br\u00e9 l\u2019excellence de l\u2019imprim\u00e9&nbsp;! C\u2019est dans une merveilleuse ambiance, que se sont d\u00e9roul\u00e9 le Cocktail, l\u2019Exposition des pi\u00e8ces et la Soir\u00e9e de remise des prestigieux troph\u00e9es Gutenberg. Le Gala Gutenberg s\u2019av\u00e8re l\u2019\u00e9v\u00e8nement [&hellip;]<\/p>\n","protected":false},"author":7,"featured_media":10687,"comment_status":"closed","ping_status":"closed","sticky":false,"template":"","format":"standard","meta":{"site-sidebar-layout":"default","site-content-layout":"","ast-site-content-layout":"default","site-content-style":"default","site-sidebar-style":"default","ast-global-header-display":"","ast-banner-title-visibility":"","ast-main-header-display":"","ast-hfb-above-header-display":"","ast-hfb-below-header-display":"","ast-hfb-mobile-header-display":"","site-post-title":"","ast-breadcrumbs-content":"","ast-featured-img":"","footer-sml-layout":"","ast-disable-related-posts":"","theme-transparent-header-meta":"","adv-header-id-meta":"","stick-header-meta":"","header-above-stick-meta":"","header-main-stick-meta":"","header-below-stick-meta":"","astra-migrate-meta-layouts":"set","ast-page-background-enabled":"default","ast-page-background-meta":{"desktop":{"background-color":"","background-image":"","background-repeat":"repeat","background-position":"center center","background-size":"auto","background-attachment":"scroll","background-type":"","background-media":"","overlay-type":"","overlay-color":"","overlay-opacity":"","overlay-gradient":""},"tablet":{"background-color":"","background-image":"","background-repeat":"repeat","background-position":"center center","background-size":"auto","background-attachment":"scroll","background-type":"","background-media":"","overlay-type":"","overlay-color":"","overlay-opacity":"","overlay-gradient":""},"mobile":{"background-color":"","background-image":"","background-repeat":"repeat","background-position":"center center","background-size":"auto","background-attachment":"scroll","background-type":"","background-media":"","overlay-type":"","overlay-color":"","overlay-opacity":"","overlay-gradient":""}},"ast-content-background-meta":{"desktop":{"background-color":"var(--ast-global-color-5)","background-image":"","background-repeat":"repeat","background-position":"center center","background-size":"auto","background-attachment":"scroll","background-type":"","background-media":"","overlay-type":"","overlay-color":"","overlay-opacity":"","overlay-gradient":""},"tablet":{"background-color":"var(--ast-global-color-5)","background-image":"","background-repeat":"repeat","background-position":"center center","background-size":"auto","background-attachment":"scroll","background-type":"","background-media":"","overlay-type":"","overlay-color":"","overlay-opacity":"","overlay-gradient":""},"mobile":{"background-color":"var(--ast-global-color-5)","background-image":"","background-repeat":"repeat","background-position":"center center","background-size":"auto","background-attachment":"scroll","background-type":"","background-media":"","overlay-type":"","overlay-color":"","overlay-opacity":"","overlay-gradient":""}},"ngg_post_thumbnail":0,"footnotes":""},"categories":[12],"tags":[22,23],"class_list":["post-15024","post","type-post","status-publish","format-standard","has-post-thumbnail","hentry","category-communique-de-presse","tag-41egalagutenberg","tag-galagutenberg2023"],"yoast_head":"<!-- This site is optimized with the Yoast SEO plugin v27.4 - https:\/\/yoast.com\/product\/yoast-seo-wordpress\/ -->\n<title>Le Gutenberg a c\u00e9l\u00e9br\u00e9 41 ans d\u2019excellence de l\u2019imprim\u00e9\u00a0! - Gala Gutenberg<\/title>\n<meta name=\"robots\" content=\"index, follow, max-snippet:-1, max-image-preview:large, max-video-preview:-1\" \/>\n<link rel=\"canonical\" href=\"https:\/\/galagutenberg.ca\/en\/2023\/06\/02\/le-gutenberg-a-celebre-41-ans-dexcellence-de-limprime\/\" \/>\n<meta property=\"og:locale\" content=\"en_US\" \/>\n<meta property=\"og:type\" content=\"article\" \/>\n<meta property=\"og:title\" content=\"Le Gutenberg a c\u00e9l\u00e9br\u00e9 41 ans d\u2019excellence de l\u2019imprim\u00e9\u00a0! - Gala Gutenberg\" \/>\n<meta property=\"og:description\" content=\"Hier soir, avait lieu \u00e0 la Salle de Bal du March\u00e9 Bonsecours \u00e0 Montr\u00e9al, le 41e&nbsp;Gala Gutenberg. Plus de 450 adeptes y ont c\u00e9l\u00e9br\u00e9 l\u2019excellence de l\u2019imprim\u00e9&nbsp;! C\u2019est dans une merveilleuse ambiance, que se sont d\u00e9roul\u00e9 le Cocktail, l\u2019Exposition des pi\u00e8ces et la Soir\u00e9e de remise des prestigieux troph\u00e9es Gutenberg. Le Gala Gutenberg s\u2019av\u00e8re l\u2019\u00e9v\u00e8nement [&hellip;]\" \/>\n<meta property=\"og:url\" content=\"https:\/\/galagutenberg.ca\/en\/2023\/06\/02\/le-gutenberg-a-celebre-41-ans-dexcellence-de-limprime\/\" \/>\n<meta property=\"og:site_name\" content=\"Gala Gutenberg\" \/>\n<meta property=\"article:published_time\" content=\"2023-06-02T14:00:00+00:00\" \/>\n<meta property=\"article:modified_time\" content=\"2024-09-09T17:22:00+00:00\" \/>\n<meta property=\"og:image\" content=\"https:\/\/galagutenberg.ca\/wp-content\/uploads\/2023\/06\/2023-06-01_18532604_Photo_by_Jimmy_Hamelin-2.jpg\" \/>\n\t<meta property=\"og:image:width\" content=\"2232\" \/>\n\t<meta property=\"og:image:height\" content=\"1488\" \/>\n\t<meta property=\"og:image:type\" content=\"image\/jpeg\" \/>\n<meta name=\"author\" content=\"Charlotte Gaudreault\" \/>\n<meta name=\"twitter:card\" content=\"summary_large_image\" \/>\n<meta name=\"twitter:label1\" content=\"Written by\" \/>\n\t<meta name=\"twitter:data1\" content=\"Charlotte Gaudreault\" \/>\n\t<meta name=\"twitter:label2\" content=\"Est. reading time\" \/>\n\t<meta name=\"twitter:data2\" content=\"4 minutes\" \/>\n<script type=\"application\/ld+json\" class=\"yoast-schema-graph\">{\"@context\":\"https:\\\/\\\/schema.org\",\"@graph\":[{\"@type\":\"Article\",\"@id\":\"https:\\\/\\\/galagutenberg.ca\\\/2023\\\/06\\\/02\\\/le-gutenberg-a-celebre-41-ans-dexcellence-de-limprime\\\/#article\",\"isPartOf\":{\"@id\":\"https:\\\/\\\/galagutenberg.ca\\\/2023\\\/06\\\/02\\\/le-gutenberg-a-celebre-41-ans-dexcellence-de-limprime\\\/\"},\"author\":{\"name\":\"Charlotte Gaudreault\",\"@id\":\"https:\\\/\\\/galagutenberg.ca\\\/#\\\/schema\\\/person\\\/19a222a2a1288fe24025fde467360a9e\"},\"headline\":\"Le Gutenberg a c\u00e9l\u00e9br\u00e9 41 ans d\u2019excellence de l\u2019imprim\u00e9\u00a0!\",\"datePublished\":\"2023-06-02T14:00:00+00:00\",\"dateModified\":\"2024-09-09T17:22:00+00:00\",\"mainEntityOfPage\":{\"@id\":\"https:\\\/\\\/galagutenberg.ca\\\/2023\\\/06\\\/02\\\/le-gutenberg-a-celebre-41-ans-dexcellence-de-limprime\\\/\"},\"wordCount\":685,\"image\":{\"@id\":\"https:\\\/\\\/galagutenberg.ca\\\/2023\\\/06\\\/02\\\/le-gutenberg-a-celebre-41-ans-dexcellence-de-limprime\\\/#primaryimage\"},\"thumbnailUrl\":\"https:\\\/\\\/galagutenberg.ca\\\/wp-content\\\/uploads\\\/2023\\\/06\\\/2023-06-01_18532604_Photo_by_Jimmy_Hamelin-2.jpg\",\"keywords\":[\"41eGalaGutenberg\",\"GalaGutenberg2023\"],\"articleSection\":[\"Communiqu\u00e9 de presse\"],\"inLanguage\":\"en-CA\"},{\"@type\":\"WebPage\",\"@id\":\"https:\\\/\\\/galagutenberg.ca\\\/2023\\\/06\\\/02\\\/le-gutenberg-a-celebre-41-ans-dexcellence-de-limprime\\\/\",\"url\":\"https:\\\/\\\/galagutenberg.ca\\\/2023\\\/06\\\/02\\\/le-gutenberg-a-celebre-41-ans-dexcellence-de-limprime\\\/\",\"name\":\"Le Gutenberg a c\u00e9l\u00e9br\u00e9 41 ans d\u2019excellence de l\u2019imprim\u00e9\u00a0! - Gala Gutenberg\",\"isPartOf\":{\"@id\":\"https:\\\/\\\/galagutenberg.ca\\\/#website\"},\"primaryImageOfPage\":{\"@id\":\"https:\\\/\\\/galagutenberg.ca\\\/2023\\\/06\\\/02\\\/le-gutenberg-a-celebre-41-ans-dexcellence-de-limprime\\\/#primaryimage\"},\"image\":{\"@id\":\"https:\\\/\\\/galagutenberg.ca\\\/2023\\\/06\\\/02\\\/le-gutenberg-a-celebre-41-ans-dexcellence-de-limprime\\\/#primaryimage\"},\"thumbnailUrl\":\"https:\\\/\\\/galagutenberg.ca\\\/wp-content\\\/uploads\\\/2023\\\/06\\\/2023-06-01_18532604_Photo_by_Jimmy_Hamelin-2.jpg\",\"datePublished\":\"2023-06-02T14:00:00+00:00\",\"dateModified\":\"2024-09-09T17:22:00+00:00\",\"author\":{\"@id\":\"https:\\\/\\\/galagutenberg.ca\\\/#\\\/schema\\\/person\\\/19a222a2a1288fe24025fde467360a9e\"},\"breadcrumb\":{\"@id\":\"https:\\\/\\\/galagutenberg.ca\\\/2023\\\/06\\\/02\\\/le-gutenberg-a-celebre-41-ans-dexcellence-de-limprime\\\/#breadcrumb\"},\"inLanguage\":\"en-CA\",\"potentialAction\":[{\"@type\":\"ReadAction\",\"target\":[\"https:\\\/\\\/galagutenberg.ca\\\/2023\\\/06\\\/02\\\/le-gutenberg-a-celebre-41-ans-dexcellence-de-limprime\\\/\"]}]},{\"@type\":\"ImageObject\",\"inLanguage\":\"en-CA\",\"@id\":\"https:\\\/\\\/galagutenberg.ca\\\/2023\\\/06\\\/02\\\/le-gutenberg-a-celebre-41-ans-dexcellence-de-limprime\\\/#primaryimage\",\"url\":\"https:\\\/\\\/galagutenberg.ca\\\/wp-content\\\/uploads\\\/2023\\\/06\\\/2023-06-01_18532604_Photo_by_Jimmy_Hamelin-2.jpg\",\"contentUrl\":\"https:\\\/\\\/galagutenberg.ca\\\/wp-content\\\/uploads\\\/2023\\\/06\\\/2023-06-01_18532604_Photo_by_Jimmy_Hamelin-2.jpg\",\"width\":2232,\"height\":1488,\"caption\":\"Martin L\u00e9pine, pr\u00e9sident du Gala Gutenberg 2023 et pr\u00e9sident de Paragraph\"},{\"@type\":\"BreadcrumbList\",\"@id\":\"https:\\\/\\\/galagutenberg.ca\\\/2023\\\/06\\\/02\\\/le-gutenberg-a-celebre-41-ans-dexcellence-de-limprime\\\/#breadcrumb\",\"itemListElement\":[{\"@type\":\"ListItem\",\"position\":1,\"name\":\"Accueil\",\"item\":\"https:\\\/\\\/galagutenberg.ca\\\/\"},{\"@type\":\"ListItem\",\"position\":2,\"name\":\"Le Gutenberg a c\u00e9l\u00e9br\u00e9 41 ans d\u2019excellence de l\u2019imprim\u00e9\u00a0!\"}]},{\"@type\":\"WebSite\",\"@id\":\"https:\\\/\\\/galagutenberg.ca\\\/#website\",\"url\":\"https:\\\/\\\/galagutenberg.ca\\\/\",\"name\":\"Gala Gutenberg\",\"description\":\"\",\"potentialAction\":[{\"@type\":\"SearchAction\",\"target\":{\"@type\":\"EntryPoint\",\"urlTemplate\":\"https:\\\/\\\/galagutenberg.ca\\\/?s={search_term_string}\"},\"query-input\":{\"@type\":\"PropertyValueSpecification\",\"valueRequired\":true,\"valueName\":\"search_term_string\"}}],\"inLanguage\":\"en-CA\"},{\"@type\":\"Person\",\"@id\":\"https:\\\/\\\/galagutenberg.ca\\\/#\\\/schema\\\/person\\\/19a222a2a1288fe24025fde467360a9e\",\"name\":\"Charlotte Gaudreault\",\"image\":{\"@type\":\"ImageObject\",\"inLanguage\":\"en-CA\",\"@id\":\"https:\\\/\\\/secure.gravatar.com\\\/avatar\\\/207c70368c83b4e40faf8bee73dfc44ca9aee4ec686b2c2c552d357dfc97f720?s=96&d=mm&r=g\",\"url\":\"https:\\\/\\\/secure.gravatar.com\\\/avatar\\\/207c70368c83b4e40faf8bee73dfc44ca9aee4ec686b2c2c552d357dfc97f720?s=96&d=mm&r=g\",\"contentUrl\":\"https:\\\/\\\/secure.gravatar.com\\\/avatar\\\/207c70368c83b4e40faf8bee73dfc44ca9aee4ec686b2c2c552d357dfc97f720?s=96&d=mm&r=g\",\"caption\":\"Charlotte Gaudreault\"}}]}<\/script>\n<!-- \/ Yoast SEO plugin. -->","yoast_head_json":{"title":"Le Gutenberg a c\u00e9l\u00e9br\u00e9 41 ans d\u2019excellence de l\u2019imprim\u00e9\u00a0! - Gala Gutenberg","robots":{"index":"index","follow":"follow","max-snippet":"max-snippet:-1","max-image-preview":"max-image-preview:large","max-video-preview":"max-video-preview:-1"},"canonical":"https:\/\/galagutenberg.ca\/en\/2023\/06\/02\/le-gutenberg-a-celebre-41-ans-dexcellence-de-limprime\/","og_locale":"en_US","og_type":"article","og_title":"Le Gutenberg a c\u00e9l\u00e9br\u00e9 41 ans d\u2019excellence de l\u2019imprim\u00e9\u00a0! - Gala Gutenberg","og_description":"Hier soir, avait lieu \u00e0 la Salle de Bal du March\u00e9 Bonsecours \u00e0 Montr\u00e9al, le 41e&nbsp;Gala Gutenberg. Plus de 450 adeptes y ont c\u00e9l\u00e9br\u00e9 l\u2019excellence de l\u2019imprim\u00e9&nbsp;! C\u2019est dans une merveilleuse ambiance, que se sont d\u00e9roul\u00e9 le Cocktail, l\u2019Exposition des pi\u00e8ces et la Soir\u00e9e de remise des prestigieux troph\u00e9es Gutenberg. Le Gala Gutenberg s\u2019av\u00e8re l\u2019\u00e9v\u00e8nement [&hellip;]","og_url":"https:\/\/galagutenberg.ca\/en\/2023\/06\/02\/le-gutenberg-a-celebre-41-ans-dexcellence-de-limprime\/","og_site_name":"Gala Gutenberg","article_published_time":"2023-06-02T14:00:00+00:00","article_modified_time":"2024-09-09T17:22:00+00:00","og_image":[{"width":2232,"height":1488,"url":"https:\/\/galagutenberg.ca\/wp-content\/uploads\/2023\/06\/2023-06-01_18532604_Photo_by_Jimmy_Hamelin-2.jpg","type":"image\/jpeg"}],"author":"Charlotte Gaudreault","twitter_card":"summary_large_image","twitter_misc":{"Written by":"Charlotte Gaudreault","Est. reading time":"4 minutes"},"schema":{"@context":"https:\/\/schema.org","@graph":[{"@type":"Article","@id":"https:\/\/galagutenberg.ca\/2023\/06\/02\/le-gutenberg-a-celebre-41-ans-dexcellence-de-limprime\/#article","isPartOf":{"@id":"https:\/\/galagutenberg.ca\/2023\/06\/02\/le-gutenberg-a-celebre-41-ans-dexcellence-de-limprime\/"},"author":{"name":"Charlotte Gaudreault","@id":"https:\/\/galagutenberg.ca\/#\/schema\/person\/19a222a2a1288fe24025fde467360a9e"},"headline":"Le Gutenberg a c\u00e9l\u00e9br\u00e9 41 ans d\u2019excellence de l\u2019imprim\u00e9\u00a0!","datePublished":"2023-06-02T14:00:00+00:00","dateModified":"2024-09-09T17:22:00+00:00","mainEntityOfPage":{"@id":"https:\/\/galagutenberg.ca\/2023\/06\/02\/le-gutenberg-a-celebre-41-ans-dexcellence-de-limprime\/"},"wordCount":685,"image":{"@id":"https:\/\/galagutenberg.ca\/2023\/06\/02\/le-gutenberg-a-celebre-41-ans-dexcellence-de-limprime\/#primaryimage"},"thumbnailUrl":"https:\/\/galagutenberg.ca\/wp-content\/uploads\/2023\/06\/2023-06-01_18532604_Photo_by_Jimmy_Hamelin-2.jpg","keywords":["41eGalaGutenberg","GalaGutenberg2023"],"articleSection":["Communiqu\u00e9 de presse"],"inLanguage":"en-CA"},{"@type":"WebPage","@id":"https:\/\/galagutenberg.ca\/2023\/06\/02\/le-gutenberg-a-celebre-41-ans-dexcellence-de-limprime\/","url":"https:\/\/galagutenberg.ca\/2023\/06\/02\/le-gutenberg-a-celebre-41-ans-dexcellence-de-limprime\/","name":"Le Gutenberg a c\u00e9l\u00e9br\u00e9 41 ans d\u2019excellence de l\u2019imprim\u00e9\u00a0! - Gala Gutenberg","isPartOf":{"@id":"https:\/\/galagutenberg.ca\/#website"},"primaryImageOfPage":{"@id":"https:\/\/galagutenberg.ca\/2023\/06\/02\/le-gutenberg-a-celebre-41-ans-dexcellence-de-limprime\/#primaryimage"},"image":{"@id":"https:\/\/galagutenberg.ca\/2023\/06\/02\/le-gutenberg-a-celebre-41-ans-dexcellence-de-limprime\/#primaryimage"},"thumbnailUrl":"https:\/\/galagutenberg.ca\/wp-content\/uploads\/2023\/06\/2023-06-01_18532604_Photo_by_Jimmy_Hamelin-2.jpg","datePublished":"2023-06-02T14:00:00+00:00","dateModified":"2024-09-09T17:22:00+00:00","author":{"@id":"https:\/\/galagutenberg.ca\/#\/schema\/person\/19a222a2a1288fe24025fde467360a9e"},"breadcrumb":{"@id":"https:\/\/galagutenberg.ca\/2023\/06\/02\/le-gutenberg-a-celebre-41-ans-dexcellence-de-limprime\/#breadcrumb"},"inLanguage":"en-CA","potentialAction":[{"@type":"ReadAction","target":["https:\/\/galagutenberg.ca\/2023\/06\/02\/le-gutenberg-a-celebre-41-ans-dexcellence-de-limprime\/"]}]},{"@type":"ImageObject","inLanguage":"en-CA","@id":"https:\/\/galagutenberg.ca\/2023\/06\/02\/le-gutenberg-a-celebre-41-ans-dexcellence-de-limprime\/#primaryimage","url":"https:\/\/galagutenberg.ca\/wp-content\/uploads\/2023\/06\/2023-06-01_18532604_Photo_by_Jimmy_Hamelin-2.jpg","contentUrl":"https:\/\/galagutenberg.ca\/wp-content\/uploads\/2023\/06\/2023-06-01_18532604_Photo_by_Jimmy_Hamelin-2.jpg","width":2232,"height":1488,"caption":"Martin L\u00e9pine, pr\u00e9sident du Gala Gutenberg 2023 et pr\u00e9sident de Paragraph"},{"@type":"BreadcrumbList","@id":"https:\/\/galagutenberg.ca\/2023\/06\/02\/le-gutenberg-a-celebre-41-ans-dexcellence-de-limprime\/#breadcrumb","itemListElement":[{"@type":"ListItem","position":1,"name":"Accueil","item":"https:\/\/galagutenberg.ca\/"},{"@type":"ListItem","position":2,"name":"Le Gutenberg a c\u00e9l\u00e9br\u00e9 41 ans d\u2019excellence de l\u2019imprim\u00e9\u00a0!"}]},{"@type":"WebSite","@id":"https:\/\/galagutenberg.ca\/#website","url":"https:\/\/galagutenberg.ca\/","name":"Gala Gutenberg","description":"","potentialAction":[{"@type":"SearchAction","target":{"@type":"EntryPoint","urlTemplate":"https:\/\/galagutenberg.ca\/?s={search_term_string}"},"query-input":{"@type":"PropertyValueSpecification","valueRequired":true,"valueName":"search_term_string"}}],"inLanguage":"en-CA"},{"@type":"Person","@id":"https:\/\/galagutenberg.ca\/#\/schema\/person\/19a222a2a1288fe24025fde467360a9e","name":"Charlotte Gaudreault","image":{"@type":"ImageObject","inLanguage":"en-CA","@id":"https:\/\/secure.gravatar.com\/avatar\/207c70368c83b4e40faf8bee73dfc44ca9aee4ec686b2c2c552d357dfc97f720?s=96&d=mm&r=g","url":"https:\/\/secure.gravatar.com\/avatar\/207c70368c83b4e40faf8bee73dfc44ca9aee4ec686b2c2c552d357dfc97f720?s=96&d=mm&r=g","contentUrl":"https:\/\/secure.gravatar.com\/avatar\/207c70368c83b4e40faf8bee73dfc44ca9aee4ec686b2c2c552d357dfc97f720?s=96&d=mm&r=g","caption":"Charlotte Gaudreault"}}]}},"_links":{"self":[{"href":"https:\/\/galagutenberg.ca\/en\/wp-json\/wp\/v2\/posts\/15024","targetHints":{"allow":["GET"]}}],"collection":[{"href":"https:\/\/galagutenberg.ca\/en\/wp-json\/wp\/v2\/posts"}],"about":[{"href":"https:\/\/galagutenberg.ca\/en\/wp-json\/wp\/v2\/types\/post"}],"author":[{"embeddable":true,"href":"https:\/\/galagutenberg.ca\/en\/wp-json\/wp\/v2\/users\/7"}],"replies":[{"embeddable":true,"href":"https:\/\/galagutenberg.ca\/en\/wp-json\/wp\/v2\/comments?post=15024"}],"version-history":[{"count":1,"href":"https:\/\/galagutenberg.ca\/en\/wp-json\/wp\/v2\/posts\/15024\/revisions"}],"predecessor-version":[{"id":15032,"href":"https:\/\/galagutenberg.ca\/en\/wp-json\/wp\/v2\/posts\/15024\/revisions\/15032"}],"wp:featuredmedia":[{"embeddable":true,"href":"https:\/\/galagutenberg.ca\/en\/wp-json\/wp\/v2\/media\/10687"}],"wp:attachment":[{"href":"https:\/\/galagutenberg.ca\/en\/wp-json\/wp\/v2\/media?parent=15024"}],"wp:term":[{"taxonomy":"category","embeddable":true,"href":"https:\/\/galagutenberg.ca\/en\/wp-json\/wp\/v2\/categories?post=15024"},{"taxonomy":"post_tag","embeddable":true,"href":"https:\/\/galagutenberg.ca\/en\/wp-json\/wp\/v2\/tags?post=15024"}],"curies":[{"name":"wp","href":"https:\/\/api.w.org\/{rel}","templated":true}]}}