{"id":15033,"date":"2022-06-10T10:00:00","date_gmt":"2022-06-10T14:00:00","guid":{"rendered":"https:\/\/galagutenberg.ca\/?p=15033"},"modified":"2024-09-11T13:30:09","modified_gmt":"2024-09-11T17:30:09","slug":"le-comite-du-gutenberg-est-heureux-dannoncer-la-nomination-de-martin-lepine-au-poste-de-president-du-gutenberg-2023","status":"publish","type":"post","link":"https:\/\/galagutenberg.ca\/en\/2022\/06\/10\/le-comite-du-gutenberg-est-heureux-dannoncer-la-nomination-de-martin-lepine-au-poste-de-president-du-gutenberg-2023\/","title":{"rendered":"The Gutenberg Committee is pleased to announce the nomination of Martin L\u00e9pine as President of the Gutenberg 2023"},"content":{"rendered":"<p class=\"translation-block\">A few weeks after the 40th Gala, it is with pride that we announce the appointment of Martin L\u00e9pine, President of Paragraph, as President of the Gutenberg Committee 2023.<\/p>\n\n\n\n<p class=\"translation-block\">\u201cMartin successfully manages a company that continues to grow. From pre-printing to digital, offset and large-format printing, packaging and promotional items, Paragraph has been part of our Industry for over 30 years. Martin's creativity and dedication enable his team to innovate year after year. Martin has been a constant supporter of the Gutenberg since the Revolution over 10 years ago. Whether it's by participating in the Contest and the event, or by offering the Committee invaluable help with the visual production of the evening, Martin and his team are always there. I'm proud to pass on the torch to him,\u201d explains \u00c9ric Lamontagne, President of the 40th Gutenberg.<\/p>\n\n\n\n<p class=\"translation-block\">\"I am honored to have been chosen to chair the 41st Gutenberg! I intend to invest myself in this beautiful adventure with heart and passion! And to achieve this, we are counting on your participation. The Contest is open to all players in the print industry and to all of Quebec. From small to large, the challenges are real for everyone, regardless of geographic location or size of business. It is by promoting all this talent that we will be able to prove to print buyers that in Quebec everything is possible, even the most extravagant projects!\" explains Martin L\u00e9pine, President of the Gutenberg 2023 Committee.<\/p>\n\n\n\n<p class=\"translation-block\">Thanks to the exceptional collaboration of sponsors, print production partners and the enthusiasm of the participants, the Organizing Committee is ready to celebrate the 41st Gutenberg.<\/p>\n\n\n\n<p>Do not hesitate to communicate with the Committee, your comments and ideas are welcome.<\/p>\n\n\n\n<p><strong>The Gutenberg 2023 Committee:<\/strong><br>Martin L\u00e9pine, President of the Gutenberg 2023, \u00c9ric Lamontagne, Carmela Martinez, Andr\u00e9 Goyette, Chantal Vall\u00e9e, Charlotte Gaudreault, Helene Pageau, Karl Belafi Jr, Mariane Beauchesne-Chr\u00e9tien, Marie-Eve Hupp\u00e9, Patrick Choquet, St\u00e9phane Abraham, Suzie Gaudreault and Yoan Robitaille.<\/p>\n\n\n\n<p><strong>The Gutenberg<\/strong><br>Packaging, flexography, large format, offset, digital, cutting, lamination, finishing, binding, ennobling of all kinds, regardless of your field of expertise, participate and be proud of your creations.<\/p>\n\n\n\n<p class=\"translation-block\">The 41st Gala Gutenberg will be held on Thursday, June 1, 2023, at March\u00e9 Bonsecours.<\/p>\n\n\n\n<p class=\"translation-block\">Results of the 2022 Contest in images and videos at <a href=\"https:\/\/galagutenberg.ca\/en\/gala-2022\" target=\"_self\">www.galagutenberg.ca\/en\/gala-2022<\/a><\/p>\n\n\n\n<p>-30-<\/p>\n\n\n\n<p><strong>Information:<\/strong><br>H\u00e9l\u00e8ne Pageau<br>Member of the Gutenberg Committee<br>514-389-5061 ext. 10238<a href=\"mailto:helene.pageau@i-ci.ca\"><br>helene.pageau@i-ci.ca<\/a><\/p>","protected":false},"excerpt":{"rendered":"<p>Quelques semaines apr\u00e8s le 40e&nbsp;Gala, c\u2019est avec fiert\u00e9 que nous annon\u00e7ons la nomination de Martin L\u00e9pine, Pr\u00e9sident de Paragraph, au poste de Pr\u00e9sident du Comit\u00e9 Gutenberg 2023. \u00ab\u2009Martin dirige avec succ\u00e8s une entreprise qui ne cesse de cro\u00eetre. De la pr\u00e9impression \u00e0 l\u2019impression num\u00e9rique, offset et grand format, en passant par l\u2019emballage et les objets [&hellip;]<\/p>\n","protected":false},"author":7,"featured_media":8706,"comment_status":"closed","ping_status":"closed","sticky":false,"template":"","format":"standard","meta":{"site-sidebar-layout":"default","site-content-layout":"","ast-site-content-layout":"default","site-content-style":"default","site-sidebar-style":"default","ast-global-header-display":"","ast-banner-title-visibility":"","ast-main-header-display":"","ast-hfb-above-header-display":"","ast-hfb-below-header-display":"","ast-hfb-mobile-header-display":"","site-post-title":"","ast-breadcrumbs-content":"","ast-featured-img":"","footer-sml-layout":"","ast-disable-related-posts":"","theme-transparent-header-meta":"","adv-header-id-meta":"","stick-header-meta":"","header-above-stick-meta":"","header-main-stick-meta":"","header-below-stick-meta":"","astra-migrate-meta-layouts":"set","ast-page-background-enabled":"default","ast-page-background-meta":{"desktop":{"background-color":"","background-image":"","background-repeat":"repeat","background-position":"center center","background-size":"auto","background-attachment":"scroll","background-type":"","background-media":"","overlay-type":"","overlay-color":"","overlay-opacity":"","overlay-gradient":""},"tablet":{"background-color":"","background-image":"","background-repeat":"repeat","background-position":"center center","background-size":"auto","background-attachment":"scroll","background-type":"","background-media":"","overlay-type":"","overlay-color":"","overlay-opacity":"","overlay-gradient":""},"mobile":{"background-color":"","background-image":"","background-repeat":"repeat","background-position":"center center","background-size":"auto","background-attachment":"scroll","background-type":"","background-media":"","overlay-type":"","overlay-color":"","overlay-opacity":"","overlay-gradient":""}},"ast-content-background-meta":{"desktop":{"background-color":"var(--ast-global-color-5)","background-image":"","background-repeat":"repeat","background-position":"center center","background-size":"auto","background-attachment":"scroll","background-type":"","background-media":"","overlay-type":"","overlay-color":"","overlay-opacity":"","overlay-gradient":""},"tablet":{"background-color":"var(--ast-global-color-5)","background-image":"","background-repeat":"repeat","background-position":"center center","background-size":"auto","background-attachment":"scroll","background-type":"","background-media":"","overlay-type":"","overlay-color":"","overlay-opacity":"","overlay-gradient":""},"mobile":{"background-color":"var(--ast-global-color-5)","background-image":"","background-repeat":"repeat","background-position":"center center","background-size":"auto","background-attachment":"scroll","background-type":"","background-media":"","overlay-type":"","overlay-color":"","overlay-opacity":"","overlay-gradient":""}},"ngg_post_thumbnail":0,"footnotes":""},"categories":[12],"tags":[22,23],"class_list":["post-15033","post","type-post","status-publish","format-standard","has-post-thumbnail","hentry","category-communique-de-presse","tag-41egalagutenberg","tag-galagutenberg2023"],"yoast_head":"<!-- This site is optimized with the Yoast SEO plugin v27.4 - https:\/\/yoast.com\/product\/yoast-seo-wordpress\/ -->\n<title>Le Comit\u00e9 du Gutenberg est heureux d\u2019annoncer la nomination de Martin L\u00e9pine au poste de pr\u00e9sident du Gutenberg 2023 - Gala Gutenberg<\/title>\n<meta name=\"robots\" content=\"index, follow, max-snippet:-1, max-image-preview:large, max-video-preview:-1\" \/>\n<link rel=\"canonical\" href=\"https:\/\/galagutenberg.ca\/en\/2022\/06\/10\/le-comite-du-gutenberg-est-heureux-dannoncer-la-nomination-de-martin-lepine-au-poste-de-president-du-gutenberg-2023\/\" \/>\n<meta property=\"og:locale\" content=\"en_US\" \/>\n<meta property=\"og:type\" content=\"article\" \/>\n<meta property=\"og:title\" content=\"Le Comit\u00e9 du Gutenberg est heureux d\u2019annoncer la nomination de Martin L\u00e9pine au poste de pr\u00e9sident du Gutenberg 2023 - Gala Gutenberg\" \/>\n<meta property=\"og:description\" content=\"Quelques semaines apr\u00e8s le 40e&nbsp;Gala, c\u2019est avec fiert\u00e9 que nous annon\u00e7ons la nomination de Martin L\u00e9pine, Pr\u00e9sident de Paragraph, au poste de Pr\u00e9sident du Comit\u00e9 Gutenberg 2023. \u00ab\u2009Martin dirige avec succ\u00e8s une entreprise qui ne cesse de cro\u00eetre. De la pr\u00e9impression \u00e0 l\u2019impression num\u00e9rique, offset et grand format, en passant par l\u2019emballage et les objets [&hellip;]\" \/>\n<meta property=\"og:url\" content=\"https:\/\/galagutenberg.ca\/en\/2022\/06\/10\/le-comite-du-gutenberg-est-heureux-dannoncer-la-nomination-de-martin-lepine-au-poste-de-president-du-gutenberg-2023\/\" \/>\n<meta property=\"og:site_name\" content=\"Gala Gutenberg\" \/>\n<meta property=\"article:published_time\" content=\"2022-06-10T14:00:00+00:00\" \/>\n<meta property=\"article:modified_time\" content=\"2024-09-11T17:30:09+00:00\" \/>\n<meta property=\"og:image\" content=\"https:\/\/galagutenberg.ca\/wp-content\/uploads\/2022\/06\/Photo-Martin_2.0.jpg\" \/>\n\t<meta property=\"og:image:width\" content=\"1445\" \/>\n\t<meta property=\"og:image:height\" content=\"1445\" \/>\n\t<meta property=\"og:image:type\" content=\"image\/jpeg\" \/>\n<meta name=\"author\" content=\"Charlotte Gaudreault\" \/>\n<meta name=\"twitter:card\" content=\"summary_large_image\" \/>\n<meta name=\"twitter:label1\" content=\"Written by\" \/>\n\t<meta name=\"twitter:data1\" content=\"Charlotte Gaudreault\" \/>\n\t<meta name=\"twitter:label2\" content=\"Est. reading time\" \/>\n\t<meta name=\"twitter:data2\" content=\"3 minutes\" \/>\n<script type=\"application\/ld+json\" class=\"yoast-schema-graph\">{\"@context\":\"https:\\\/\\\/schema.org\",\"@graph\":[{\"@type\":\"Article\",\"@id\":\"https:\\\/\\\/galagutenberg.ca\\\/2022\\\/06\\\/10\\\/le-comite-du-gutenberg-est-heureux-dannoncer-la-nomination-de-martin-lepine-au-poste-de-president-du-gutenberg-2023\\\/#article\",\"isPartOf\":{\"@id\":\"https:\\\/\\\/galagutenberg.ca\\\/2022\\\/06\\\/10\\\/le-comite-du-gutenberg-est-heureux-dannoncer-la-nomination-de-martin-lepine-au-poste-de-president-du-gutenberg-2023\\\/\"},\"author\":{\"name\":\"Charlotte Gaudreault\",\"@id\":\"https:\\\/\\\/galagutenberg.ca\\\/#\\\/schema\\\/person\\\/19a222a2a1288fe24025fde467360a9e\"},\"headline\":\"Le Comit\u00e9 du Gutenberg est heureux d\u2019annoncer la nomination de Martin L\u00e9pine au poste de pr\u00e9sident du Gutenberg 2023\",\"datePublished\":\"2022-06-10T14:00:00+00:00\",\"dateModified\":\"2024-09-11T17:30:09+00:00\",\"mainEntityOfPage\":{\"@id\":\"https:\\\/\\\/galagutenberg.ca\\\/2022\\\/06\\\/10\\\/le-comite-du-gutenberg-est-heureux-dannoncer-la-nomination-de-martin-lepine-au-poste-de-president-du-gutenberg-2023\\\/\"},\"wordCount\":482,\"image\":{\"@id\":\"https:\\\/\\\/galagutenberg.ca\\\/2022\\\/06\\\/10\\\/le-comite-du-gutenberg-est-heureux-dannoncer-la-nomination-de-martin-lepine-au-poste-de-president-du-gutenberg-2023\\\/#primaryimage\"},\"thumbnailUrl\":\"https:\\\/\\\/galagutenberg.ca\\\/wp-content\\\/uploads\\\/2022\\\/06\\\/Photo-Martin_2.0.jpg\",\"keywords\":[\"41eGalaGutenberg\",\"GalaGutenberg2023\"],\"articleSection\":[\"Communiqu\u00e9 de presse\"],\"inLanguage\":\"en-CA\"},{\"@type\":\"WebPage\",\"@id\":\"https:\\\/\\\/galagutenberg.ca\\\/2022\\\/06\\\/10\\\/le-comite-du-gutenberg-est-heureux-dannoncer-la-nomination-de-martin-lepine-au-poste-de-president-du-gutenberg-2023\\\/\",\"url\":\"https:\\\/\\\/galagutenberg.ca\\\/2022\\\/06\\\/10\\\/le-comite-du-gutenberg-est-heureux-dannoncer-la-nomination-de-martin-lepine-au-poste-de-president-du-gutenberg-2023\\\/\",\"name\":\"Le Comit\u00e9 du Gutenberg est heureux d\u2019annoncer la nomination de Martin L\u00e9pine au poste de pr\u00e9sident du Gutenberg 2023 - Gala Gutenberg\",\"isPartOf\":{\"@id\":\"https:\\\/\\\/galagutenberg.ca\\\/#website\"},\"primaryImageOfPage\":{\"@id\":\"https:\\\/\\\/galagutenberg.ca\\\/2022\\\/06\\\/10\\\/le-comite-du-gutenberg-est-heureux-dannoncer-la-nomination-de-martin-lepine-au-poste-de-president-du-gutenberg-2023\\\/#primaryimage\"},\"image\":{\"@id\":\"https:\\\/\\\/galagutenberg.ca\\\/2022\\\/06\\\/10\\\/le-comite-du-gutenberg-est-heureux-dannoncer-la-nomination-de-martin-lepine-au-poste-de-president-du-gutenberg-2023\\\/#primaryimage\"},\"thumbnailUrl\":\"https:\\\/\\\/galagutenberg.ca\\\/wp-content\\\/uploads\\\/2022\\\/06\\\/Photo-Martin_2.0.jpg\",\"datePublished\":\"2022-06-10T14:00:00+00:00\",\"dateModified\":\"2024-09-11T17:30:09+00:00\",\"author\":{\"@id\":\"https:\\\/\\\/galagutenberg.ca\\\/#\\\/schema\\\/person\\\/19a222a2a1288fe24025fde467360a9e\"},\"breadcrumb\":{\"@id\":\"https:\\\/\\\/galagutenberg.ca\\\/2022\\\/06\\\/10\\\/le-comite-du-gutenberg-est-heureux-dannoncer-la-nomination-de-martin-lepine-au-poste-de-president-du-gutenberg-2023\\\/#breadcrumb\"},\"inLanguage\":\"en-CA\",\"potentialAction\":[{\"@type\":\"ReadAction\",\"target\":[\"https:\\\/\\\/galagutenberg.ca\\\/2022\\\/06\\\/10\\\/le-comite-du-gutenberg-est-heureux-dannoncer-la-nomination-de-martin-lepine-au-poste-de-president-du-gutenberg-2023\\\/\"]}]},{\"@type\":\"ImageObject\",\"inLanguage\":\"en-CA\",\"@id\":\"https:\\\/\\\/galagutenberg.ca\\\/2022\\\/06\\\/10\\\/le-comite-du-gutenberg-est-heureux-dannoncer-la-nomination-de-martin-lepine-au-poste-de-president-du-gutenberg-2023\\\/#primaryimage\",\"url\":\"https:\\\/\\\/galagutenberg.ca\\\/wp-content\\\/uploads\\\/2022\\\/06\\\/Photo-Martin_2.0.jpg\",\"contentUrl\":\"https:\\\/\\\/galagutenberg.ca\\\/wp-content\\\/uploads\\\/2022\\\/06\\\/Photo-Martin_2.0.jpg\",\"width\":1445,\"height\":1445,\"caption\":\"Martin L\u00e9pine, pr\u00e9sident du Gala Gutenberg 2023 et pr\u00e9sident de Paragraph\"},{\"@type\":\"BreadcrumbList\",\"@id\":\"https:\\\/\\\/galagutenberg.ca\\\/2022\\\/06\\\/10\\\/le-comite-du-gutenberg-est-heureux-dannoncer-la-nomination-de-martin-lepine-au-poste-de-president-du-gutenberg-2023\\\/#breadcrumb\",\"itemListElement\":[{\"@type\":\"ListItem\",\"position\":1,\"name\":\"Accueil\",\"item\":\"https:\\\/\\\/galagutenberg.ca\\\/\"},{\"@type\":\"ListItem\",\"position\":2,\"name\":\"Le Comit\u00e9 du Gutenberg est heureux d\u2019annoncer la nomination de Martin L\u00e9pine au poste de pr\u00e9sident du Gutenberg 2023\"}]},{\"@type\":\"WebSite\",\"@id\":\"https:\\\/\\\/galagutenberg.ca\\\/#website\",\"url\":\"https:\\\/\\\/galagutenberg.ca\\\/\",\"name\":\"Gala Gutenberg\",\"description\":\"\",\"potentialAction\":[{\"@type\":\"SearchAction\",\"target\":{\"@type\":\"EntryPoint\",\"urlTemplate\":\"https:\\\/\\\/galagutenberg.ca\\\/?s={search_term_string}\"},\"query-input\":{\"@type\":\"PropertyValueSpecification\",\"valueRequired\":true,\"valueName\":\"search_term_string\"}}],\"inLanguage\":\"en-CA\"},{\"@type\":\"Person\",\"@id\":\"https:\\\/\\\/galagutenberg.ca\\\/#\\\/schema\\\/person\\\/19a222a2a1288fe24025fde467360a9e\",\"name\":\"Charlotte Gaudreault\",\"image\":{\"@type\":\"ImageObject\",\"inLanguage\":\"en-CA\",\"@id\":\"https:\\\/\\\/secure.gravatar.com\\\/avatar\\\/207c70368c83b4e40faf8bee73dfc44ca9aee4ec686b2c2c552d357dfc97f720?s=96&d=mm&r=g\",\"url\":\"https:\\\/\\\/secure.gravatar.com\\\/avatar\\\/207c70368c83b4e40faf8bee73dfc44ca9aee4ec686b2c2c552d357dfc97f720?s=96&d=mm&r=g\",\"contentUrl\":\"https:\\\/\\\/secure.gravatar.com\\\/avatar\\\/207c70368c83b4e40faf8bee73dfc44ca9aee4ec686b2c2c552d357dfc97f720?s=96&d=mm&r=g\",\"caption\":\"Charlotte Gaudreault\"}}]}<\/script>\n<!-- \/ Yoast SEO plugin. -->","yoast_head_json":{"title":"Le Comit\u00e9 du Gutenberg est heureux d\u2019annoncer la nomination de Martin L\u00e9pine au poste de pr\u00e9sident du Gutenberg 2023 - Gala Gutenberg","robots":{"index":"index","follow":"follow","max-snippet":"max-snippet:-1","max-image-preview":"max-image-preview:large","max-video-preview":"max-video-preview:-1"},"canonical":"https:\/\/galagutenberg.ca\/en\/2022\/06\/10\/le-comite-du-gutenberg-est-heureux-dannoncer-la-nomination-de-martin-lepine-au-poste-de-president-du-gutenberg-2023\/","og_locale":"en_US","og_type":"article","og_title":"Le Comit\u00e9 du Gutenberg est heureux d\u2019annoncer la nomination de Martin L\u00e9pine au poste de pr\u00e9sident du Gutenberg 2023 - Gala Gutenberg","og_description":"Quelques semaines apr\u00e8s le 40e&nbsp;Gala, c\u2019est avec fiert\u00e9 que nous annon\u00e7ons la nomination de Martin L\u00e9pine, Pr\u00e9sident de Paragraph, au poste de Pr\u00e9sident du Comit\u00e9 Gutenberg 2023. \u00ab\u2009Martin dirige avec succ\u00e8s une entreprise qui ne cesse de cro\u00eetre. De la pr\u00e9impression \u00e0 l\u2019impression num\u00e9rique, offset et grand format, en passant par l\u2019emballage et les objets [&hellip;]","og_url":"https:\/\/galagutenberg.ca\/en\/2022\/06\/10\/le-comite-du-gutenberg-est-heureux-dannoncer-la-nomination-de-martin-lepine-au-poste-de-president-du-gutenberg-2023\/","og_site_name":"Gala Gutenberg","article_published_time":"2022-06-10T14:00:00+00:00","article_modified_time":"2024-09-11T17:30:09+00:00","og_image":[{"width":1445,"height":1445,"url":"https:\/\/galagutenberg.ca\/wp-content\/uploads\/2022\/06\/Photo-Martin_2.0.jpg","type":"image\/jpeg"}],"author":"Charlotte Gaudreault","twitter_card":"summary_large_image","twitter_misc":{"Written by":"Charlotte Gaudreault","Est. reading time":"3 minutes"},"schema":{"@context":"https:\/\/schema.org","@graph":[{"@type":"Article","@id":"https:\/\/galagutenberg.ca\/2022\/06\/10\/le-comite-du-gutenberg-est-heureux-dannoncer-la-nomination-de-martin-lepine-au-poste-de-president-du-gutenberg-2023\/#article","isPartOf":{"@id":"https:\/\/galagutenberg.ca\/2022\/06\/10\/le-comite-du-gutenberg-est-heureux-dannoncer-la-nomination-de-martin-lepine-au-poste-de-president-du-gutenberg-2023\/"},"author":{"name":"Charlotte Gaudreault","@id":"https:\/\/galagutenberg.ca\/#\/schema\/person\/19a222a2a1288fe24025fde467360a9e"},"headline":"Le Comit\u00e9 du Gutenberg est heureux d\u2019annoncer la nomination de Martin L\u00e9pine au poste de pr\u00e9sident du Gutenberg 2023","datePublished":"2022-06-10T14:00:00+00:00","dateModified":"2024-09-11T17:30:09+00:00","mainEntityOfPage":{"@id":"https:\/\/galagutenberg.ca\/2022\/06\/10\/le-comite-du-gutenberg-est-heureux-dannoncer-la-nomination-de-martin-lepine-au-poste-de-president-du-gutenberg-2023\/"},"wordCount":482,"image":{"@id":"https:\/\/galagutenberg.ca\/2022\/06\/10\/le-comite-du-gutenberg-est-heureux-dannoncer-la-nomination-de-martin-lepine-au-poste-de-president-du-gutenberg-2023\/#primaryimage"},"thumbnailUrl":"https:\/\/galagutenberg.ca\/wp-content\/uploads\/2022\/06\/Photo-Martin_2.0.jpg","keywords":["41eGalaGutenberg","GalaGutenberg2023"],"articleSection":["Communiqu\u00e9 de presse"],"inLanguage":"en-CA"},{"@type":"WebPage","@id":"https:\/\/galagutenberg.ca\/2022\/06\/10\/le-comite-du-gutenberg-est-heureux-dannoncer-la-nomination-de-martin-lepine-au-poste-de-president-du-gutenberg-2023\/","url":"https:\/\/galagutenberg.ca\/2022\/06\/10\/le-comite-du-gutenberg-est-heureux-dannoncer-la-nomination-de-martin-lepine-au-poste-de-president-du-gutenberg-2023\/","name":"Le Comit\u00e9 du Gutenberg est heureux d\u2019annoncer la nomination de Martin L\u00e9pine au poste de pr\u00e9sident du Gutenberg 2023 - Gala Gutenberg","isPartOf":{"@id":"https:\/\/galagutenberg.ca\/#website"},"primaryImageOfPage":{"@id":"https:\/\/galagutenberg.ca\/2022\/06\/10\/le-comite-du-gutenberg-est-heureux-dannoncer-la-nomination-de-martin-lepine-au-poste-de-president-du-gutenberg-2023\/#primaryimage"},"image":{"@id":"https:\/\/galagutenberg.ca\/2022\/06\/10\/le-comite-du-gutenberg-est-heureux-dannoncer-la-nomination-de-martin-lepine-au-poste-de-president-du-gutenberg-2023\/#primaryimage"},"thumbnailUrl":"https:\/\/galagutenberg.ca\/wp-content\/uploads\/2022\/06\/Photo-Martin_2.0.jpg","datePublished":"2022-06-10T14:00:00+00:00","dateModified":"2024-09-11T17:30:09+00:00","author":{"@id":"https:\/\/galagutenberg.ca\/#\/schema\/person\/19a222a2a1288fe24025fde467360a9e"},"breadcrumb":{"@id":"https:\/\/galagutenberg.ca\/2022\/06\/10\/le-comite-du-gutenberg-est-heureux-dannoncer-la-nomination-de-martin-lepine-au-poste-de-president-du-gutenberg-2023\/#breadcrumb"},"inLanguage":"en-CA","potentialAction":[{"@type":"ReadAction","target":["https:\/\/galagutenberg.ca\/2022\/06\/10\/le-comite-du-gutenberg-est-heureux-dannoncer-la-nomination-de-martin-lepine-au-poste-de-president-du-gutenberg-2023\/"]}]},{"@type":"ImageObject","inLanguage":"en-CA","@id":"https:\/\/galagutenberg.ca\/2022\/06\/10\/le-comite-du-gutenberg-est-heureux-dannoncer-la-nomination-de-martin-lepine-au-poste-de-president-du-gutenberg-2023\/#primaryimage","url":"https:\/\/galagutenberg.ca\/wp-content\/uploads\/2022\/06\/Photo-Martin_2.0.jpg","contentUrl":"https:\/\/galagutenberg.ca\/wp-content\/uploads\/2022\/06\/Photo-Martin_2.0.jpg","width":1445,"height":1445,"caption":"Martin L\u00e9pine, pr\u00e9sident du Gala Gutenberg 2023 et pr\u00e9sident de Paragraph"},{"@type":"BreadcrumbList","@id":"https:\/\/galagutenberg.ca\/2022\/06\/10\/le-comite-du-gutenberg-est-heureux-dannoncer-la-nomination-de-martin-lepine-au-poste-de-president-du-gutenberg-2023\/#breadcrumb","itemListElement":[{"@type":"ListItem","position":1,"name":"Accueil","item":"https:\/\/galagutenberg.ca\/"},{"@type":"ListItem","position":2,"name":"Le Comit\u00e9 du Gutenberg est heureux d\u2019annoncer la nomination de Martin L\u00e9pine au poste de pr\u00e9sident du Gutenberg 2023"}]},{"@type":"WebSite","@id":"https:\/\/galagutenberg.ca\/#website","url":"https:\/\/galagutenberg.ca\/","name":"Gala Gutenberg","description":"","potentialAction":[{"@type":"SearchAction","target":{"@type":"EntryPoint","urlTemplate":"https:\/\/galagutenberg.ca\/?s={search_term_string}"},"query-input":{"@type":"PropertyValueSpecification","valueRequired":true,"valueName":"search_term_string"}}],"inLanguage":"en-CA"},{"@type":"Person","@id":"https:\/\/galagutenberg.ca\/#\/schema\/person\/19a222a2a1288fe24025fde467360a9e","name":"Charlotte Gaudreault","image":{"@type":"ImageObject","inLanguage":"en-CA","@id":"https:\/\/secure.gravatar.com\/avatar\/207c70368c83b4e40faf8bee73dfc44ca9aee4ec686b2c2c552d357dfc97f720?s=96&d=mm&r=g","url":"https:\/\/secure.gravatar.com\/avatar\/207c70368c83b4e40faf8bee73dfc44ca9aee4ec686b2c2c552d357dfc97f720?s=96&d=mm&r=g","contentUrl":"https:\/\/secure.gravatar.com\/avatar\/207c70368c83b4e40faf8bee73dfc44ca9aee4ec686b2c2c552d357dfc97f720?s=96&d=mm&r=g","caption":"Charlotte Gaudreault"}}]}},"_links":{"self":[{"href":"https:\/\/galagutenberg.ca\/en\/wp-json\/wp\/v2\/posts\/15033","targetHints":{"allow":["GET"]}}],"collection":[{"href":"https:\/\/galagutenberg.ca\/en\/wp-json\/wp\/v2\/posts"}],"about":[{"href":"https:\/\/galagutenberg.ca\/en\/wp-json\/wp\/v2\/types\/post"}],"author":[{"embeddable":true,"href":"https:\/\/galagutenberg.ca\/en\/wp-json\/wp\/v2\/users\/7"}],"replies":[{"embeddable":true,"href":"https:\/\/galagutenberg.ca\/en\/wp-json\/wp\/v2\/comments?post=15033"}],"version-history":[{"count":5,"href":"https:\/\/galagutenberg.ca\/en\/wp-json\/wp\/v2\/posts\/15033\/revisions"}],"predecessor-version":[{"id":15106,"href":"https:\/\/galagutenberg.ca\/en\/wp-json\/wp\/v2\/posts\/15033\/revisions\/15106"}],"wp:featuredmedia":[{"embeddable":true,"href":"https:\/\/galagutenberg.ca\/en\/wp-json\/wp\/v2\/media\/8706"}],"wp:attachment":[{"href":"https:\/\/galagutenberg.ca\/en\/wp-json\/wp\/v2\/media?parent=15033"}],"wp:term":[{"taxonomy":"category","embeddable":true,"href":"https:\/\/galagutenberg.ca\/en\/wp-json\/wp\/v2\/categories?post=15033"},{"taxonomy":"post_tag","embeddable":true,"href":"https:\/\/galagutenberg.ca\/en\/wp-json\/wp\/v2\/tags?post=15033"}],"curies":[{"name":"wp","href":"https:\/\/api.w.org\/{rel}","templated":true}]}}