{"id":15035,"date":"2022-05-27T10:00:00","date_gmt":"2022-05-27T14:00:00","guid":{"rendered":"https:\/\/galagutenberg.ca\/?p=15035"},"modified":"2024-09-11T13:48:59","modified_gmt":"2024-09-11T17:48:59","slug":"le-26-mai-dernier-le-gutenberg-a-celebre-40-ans-dexcellence-de-limprime","status":"publish","type":"post","link":"https:\/\/galagutenberg.ca\/en\/2022\/05\/27\/le-26-mai-dernier-le-gutenberg-a-celebre-40-ans-dexcellence-de-limprime\/","title":{"rendered":"On May 26th, the Gutenberg celebrated 40 years of print excellence!"},"content":{"rendered":"<p class=\"translation-block\">Last Thursday evening, the 40th Gutenberg Gala was held at the Salle de Bal du March\u00e9 Bonsecours in Montreal. The cocktail reception and evening awards ceremony for the prestigious Gutenberg trophies were held in a wonderful reunion atmosphere.<\/p>\n\n\n\n<p>The Gutenberg Gala is the premier event of the printing industry. It highlights the talent, creativity, and expertise of its artisans.<\/p>\n\n\n\n<p class=\"translation-block\">\u201cYes, it's a competition because there's a jury, but the Gala Gutenberg is more than that. It's been our industry's annual event for 40 years. It's an evening where we can meet suppliers, colleagues and competitors alike.  It's also a place where you can exchange ideas, compare your realities with those of others, check out the state of the market, see what's being done elsewhere. It's not about the number of nominations or the number of awards you win. The important thing is to be present, to participate.  To be part of this industry, to make yourself known.  Quebec is full of motivated entrepreneurs doing extraordinary things, and that's no different in our industry,\u201d explains \u00c9ric Lamontagne, President of the 40th Gutenberg.<\/p>\n\n\n\n<p class=\"translation-block\">\u201cThe Committee worked very hard to prepare this 40th Gutenberg, and was privileged to have the support of many partners, including ICP Canada, our Diamond partner as well as Canon, Konica Minolta, Komcan Komori, Ricoh and Rolland, along with several industry partners,\u201d adds Mr. Lamontagne.<\/p>\n\n\n\n<p>\u00ab Pour le d\u00e9cor de la soir\u00e9e, nous tenions \u00e0 mettre de l\u2019avant l\u2019\u00e9conomie circulaire avec des items r\u00e9utilisables et recyclables. D\u00e9velopper un concept en lien avec le d\u00e9veloppement durable a \u00e9t\u00e9 \u00e0 la base de toutes les pi\u00e8ces qui ont enjoliv\u00e9 la soir\u00e9e. Ainsi, les heureux participants \u00e9taient invit\u00e9s \u00e0 laisser cocardes, billets et menus dans des boites de r\u00e9cup\u00e9ration \u00e0 leur d\u00e9part. Les cartons r\u00e9colt\u00e9s seront retourn\u00e9s \u00e0 l\u2019usine de Rolland, une filiale de Sustana, pour boucler la boucle et donner une seconde vie aux mati\u00e8res r\u00e9cup\u00e9r\u00e9es. J\u2019en profite pour remercier les 20 entreprises qui ont collabor\u00e9 \u00e0 la r\u00e9alisation des pi\u00e8ces. Un immense merci&nbsp;! \u00bb explique H\u00e9l\u00e8ne Pageau, de l\u2019ICI et membre du Comit\u00e9 organisateur.<\/p>\n\n\n\n<p>\u00ab Cette soir\u00e9e est la v\u00f4tre, elle a lieux pour vous et elle vise \u00e0 souligner l\u2019excellence, le d\u00e9vouement, la pers\u00e9v\u00e9rance, l\u2019initiative, l\u2019ing\u00e9niosit\u00e9 dont certains ont fait preuve.&nbsp; Il s\u2019agit de qualit\u00e9s que vous poss\u00e9d\u00e9 tous.&nbsp; Continuez de participer et de vous impliquer \u00bb, conclut&nbsp;\u00c9ric Lamontagne, pr\u00e9sident du Gutenberg 2022.<\/p>\n\n\n\n<p>Start stocking up now on your pieces for the 2023 Contest!<\/p>\n\n\n\n<p><strong>Our proud winners:<\/strong><\/p>\n\n\n\n<p>Gutenberg 2022 \u2013 40 years<br>Book editing<br>Livre Serge Lemoyne \u2013 Hors jeu<br>L\u2019Empreinte<\/p>\n\n\n\n<p>Gutenberg 2022 \u2013 40 years<br>Label<br>\u00c9glantine<br>Imprimerie Ste-Julie<\/p>\n\n\n\n<p>Gutenberg 2022 \u2013 40 years<br>Display<br>Exposition Mini Mondo<br>Mp Repro<\/p>\n\n\n\n<p>Gutenberg 2022 \u2013 40 years<br>Packaging<br>Isla Del Sol Cigar Box<br>Produlith<\/p>\n\n\n\n<p>Gutenberg 2022 \u2013 40 years<br>Ennoblement<br>Calendrier et Agenda 2022<br>Impression Paragraph<\/p>\n\n\n\n<p>Gutenberg 2022 \u2013 40 years<br>Client marketing<br>Livres Wellington<br>L\u2019Empreinte<\/p>\n\n\n\n<p>Gutenberg 2022 \u2013 40 years<br>Self-promotion marketing<br>Calendrier 2022<br>Gravure Choquet<\/p>\n\n\n\n<p>Gutenberg 2022 \u2013 40 years<br>Flexible packaging<br>Food Packaging<br>Imprimerie Ste-Julie<\/p>\n\n\n\n<p>Gutenberg 2022 \u2013 40 years<br>Food Packaging<br>Linerless Adonis<br>Imprimerie Ste-Julie<\/p>\n\n\n\n<p>Gutenberg 2022 \u2013 40 years<br>100% Digital<br>Lacuna-Lacune<br>Le Ca\u00efus du Livre<\/p>\n\n\n\n<p>Gutenberg 2022 \u2013 40 years<br>Non-Conventional Material<br>Boitier publicitaire Module no 4<br>Impression Paragraph<\/p>\n\n\n\n<p>Gutenberg 2022 \u2013 40 years<br>L\u2019Audacieux<br>Carte de No\u00ebl MMD<br>Gravure Choquet<\/p>\n\n\n\n<p>Gutenberg 2022 \u2013 40 years<br>Coup de C\u0153ur du Jury<br>\u00c9glantine<br>Imprimerie Ste-Julie Gutenberg 2022 \u2013 40 ans<br>Coup de C\u0153ur du Public<br>WOW<br>Impression Paragraph<\/p>\n\n\n\n<p><strong>Members of the Gutenberg 2022 Organizing Committee :<\/strong><br>\u00c9ric Lamontagne, President of the 40th Gutenberg, Carmela Martinez, Andr\u00e9 Goyette, Chantal Vall\u00e9e, H\u00e9l\u00e8ne Pageau, Jean-Francois Desjardins, Karl Belafi Jr, Mariane Beauchesne-Chr\u00e9tien, Marie-Eve Hupp\u00e9, Maril\u00e8ne Fournier, Patrick Choquet, St\u00e9phane Abraham, Suzie Gaudreault, V\u00e9ronique Paiement, Virginia DaCosta and Yoan Robitaille.<\/p>\n\n\n\n<p><strong>Pour des images et pour tous les r\u00e9sultats du Concours 2022 :&nbsp;<\/strong><a href=\"https:\/\/galagutenberg.ca\/en\/gala-2022\/\"><strong>www.galagutenberg.ca\/gala-2022<\/strong><\/a><\/p>\n\n\n\n<p>-30-<\/p>\n\n\n\n<p><strong>For further information, please contact<\/strong><br>H\u00e9l\u00e8ne Pageau<br>Member of the Gutenberg Comittee 2012-2022<br>Printability and Graphic Communications Institute (ICI)<a href=\"mailto:helene.pageau@i-ci.ca\"><br>helene.pageau@i-ci.ca<\/a><\/p>\n\n\n\n<p><span style=\"color: rgb(0, 0, 0); font-size: medium; white-space-collapse: collapse;\"><\/span><\/p>","protected":false},"excerpt":{"rendered":"<p>Jeudi soir dernier, avait lieu \u00e0 la Salle de Bal du March\u00e9 Bonsecours \u00e0 Montr\u00e9al, le 40e&nbsp;Gala Gutenberg. C\u2019est dans une merveilleuse ambiance de retrouvailles, que ce sont d\u00e9roul\u00e9 le Cocktail et la Soir\u00e9e de remise des prestigieux troph\u00e9es Gutenberg. Le Gala Gutenberg s\u2019av\u00e8re l\u2019\u00e9v\u00e8nement par excellence de l\u2019industrie de l\u2019imprim\u00e9. Il souligne le talent, [&hellip;]<\/p>\n","protected":false},"author":7,"featured_media":8375,"comment_status":"closed","ping_status":"closed","sticky":false,"template":"","format":"standard","meta":{"site-sidebar-layout":"default","site-content-layout":"","ast-site-content-layout":"default","site-content-style":"default","site-sidebar-style":"default","ast-global-header-display":"","ast-banner-title-visibility":"","ast-main-header-display":"","ast-hfb-above-header-display":"","ast-hfb-below-header-display":"","ast-hfb-mobile-header-display":"","site-post-title":"","ast-breadcrumbs-content":"","ast-featured-img":"","footer-sml-layout":"","ast-disable-related-posts":"","theme-transparent-header-meta":"","adv-header-id-meta":"","stick-header-meta":"","header-above-stick-meta":"","header-main-stick-meta":"","header-below-stick-meta":"","astra-migrate-meta-layouts":"set","ast-page-background-enabled":"default","ast-page-background-meta":{"desktop":{"background-color":"","background-image":"","background-repeat":"repeat","background-position":"center center","background-size":"auto","background-attachment":"scroll","background-type":"","background-media":"","overlay-type":"","overlay-color":"","overlay-opacity":"","overlay-gradient":""},"tablet":{"background-color":"","background-image":"","background-repeat":"repeat","background-position":"center center","background-size":"auto","background-attachment":"scroll","background-type":"","background-media":"","overlay-type":"","overlay-color":"","overlay-opacity":"","overlay-gradient":""},"mobile":{"background-color":"","background-image":"","background-repeat":"repeat","background-position":"center center","background-size":"auto","background-attachment":"scroll","background-type":"","background-media":"","overlay-type":"","overlay-color":"","overlay-opacity":"","overlay-gradient":""}},"ast-content-background-meta":{"desktop":{"background-color":"var(--ast-global-color-5)","background-image":"","background-repeat":"repeat","background-position":"center center","background-size":"auto","background-attachment":"scroll","background-type":"","background-media":"","overlay-type":"","overlay-color":"","overlay-opacity":"","overlay-gradient":""},"tablet":{"background-color":"var(--ast-global-color-5)","background-image":"","background-repeat":"repeat","background-position":"center center","background-size":"auto","background-attachment":"scroll","background-type":"","background-media":"","overlay-type":"","overlay-color":"","overlay-opacity":"","overlay-gradient":""},"mobile":{"background-color":"var(--ast-global-color-5)","background-image":"","background-repeat":"repeat","background-position":"center center","background-size":"auto","background-attachment":"scroll","background-type":"","background-media":"","overlay-type":"","overlay-color":"","overlay-opacity":"","overlay-gradient":""}},"ngg_post_thumbnail":0,"footnotes":""},"categories":[12],"tags":[24,25],"class_list":["post-15035","post","type-post","status-publish","format-standard","has-post-thumbnail","hentry","category-communique-de-presse","tag-40egalagutenberg","tag-galagutenberg2022"],"yoast_head":"<!-- This site is optimized with the Yoast SEO plugin v27.4 - https:\/\/yoast.com\/product\/yoast-seo-wordpress\/ -->\n<title>Le 26 mai dernier, le Gutenberg a c\u00e9l\u00e9br\u00e9 40 ans d\u2019excellence de l\u2019imprim\u00e9\u00a0! - Gala Gutenberg<\/title>\n<meta name=\"robots\" content=\"index, follow, max-snippet:-1, max-image-preview:large, max-video-preview:-1\" \/>\n<link rel=\"canonical\" href=\"https:\/\/galagutenberg.ca\/en\/2022\/05\/27\/le-26-mai-dernier-le-gutenberg-a-celebre-40-ans-dexcellence-de-limprime\/\" \/>\n<meta property=\"og:locale\" content=\"en_US\" \/>\n<meta property=\"og:type\" content=\"article\" \/>\n<meta property=\"og:title\" content=\"Le 26 mai dernier, le Gutenberg a c\u00e9l\u00e9br\u00e9 40 ans d\u2019excellence de l\u2019imprim\u00e9\u00a0! - Gala Gutenberg\" \/>\n<meta property=\"og:description\" content=\"Jeudi soir dernier, avait lieu \u00e0 la Salle de Bal du March\u00e9 Bonsecours \u00e0 Montr\u00e9al, le 40e&nbsp;Gala Gutenberg. C\u2019est dans une merveilleuse ambiance de retrouvailles, que ce sont d\u00e9roul\u00e9 le Cocktail et la Soir\u00e9e de remise des prestigieux troph\u00e9es Gutenberg. Le Gala Gutenberg s\u2019av\u00e8re l\u2019\u00e9v\u00e8nement par excellence de l\u2019industrie de l\u2019imprim\u00e9. Il souligne le talent, [&hellip;]\" \/>\n<meta property=\"og:url\" content=\"https:\/\/galagutenberg.ca\/en\/2022\/05\/27\/le-26-mai-dernier-le-gutenberg-a-celebre-40-ans-dexcellence-de-limprime\/\" \/>\n<meta property=\"og:site_name\" content=\"Gala Gutenberg\" \/>\n<meta property=\"article:published_time\" content=\"2022-05-27T14:00:00+00:00\" \/>\n<meta property=\"article:modified_time\" content=\"2024-09-11T17:48:59+00:00\" \/>\n<meta property=\"og:image\" content=\"https:\/\/galagutenberg.ca\/wp-content\/uploads\/2022\/05\/A63I1067-scaled.jpg\" \/>\n\t<meta property=\"og:image:width\" content=\"2560\" \/>\n\t<meta property=\"og:image:height\" content=\"1707\" \/>\n\t<meta property=\"og:image:type\" content=\"image\/jpeg\" \/>\n<meta name=\"author\" content=\"Charlotte Gaudreault\" \/>\n<meta name=\"twitter:card\" content=\"summary_large_image\" \/>\n<meta name=\"twitter:label1\" content=\"Written by\" \/>\n\t<meta name=\"twitter:data1\" content=\"Charlotte Gaudreault\" \/>\n\t<meta name=\"twitter:label2\" content=\"Est. reading time\" \/>\n\t<meta name=\"twitter:data2\" content=\"4 minutes\" \/>\n<script type=\"application\/ld+json\" class=\"yoast-schema-graph\">{\"@context\":\"https:\\\/\\\/schema.org\",\"@graph\":[{\"@type\":\"Article\",\"@id\":\"https:\\\/\\\/galagutenberg.ca\\\/2022\\\/05\\\/27\\\/le-26-mai-dernier-le-gutenberg-a-celebre-40-ans-dexcellence-de-limprime\\\/#article\",\"isPartOf\":{\"@id\":\"https:\\\/\\\/galagutenberg.ca\\\/2022\\\/05\\\/27\\\/le-26-mai-dernier-le-gutenberg-a-celebre-40-ans-dexcellence-de-limprime\\\/\"},\"author\":{\"name\":\"Charlotte Gaudreault\",\"@id\":\"https:\\\/\\\/galagutenberg.ca\\\/#\\\/schema\\\/person\\\/19a222a2a1288fe24025fde467360a9e\"},\"headline\":\"Le 26 mai dernier, le Gutenberg a c\u00e9l\u00e9br\u00e9 40 ans d\u2019excellence de l\u2019imprim\u00e9\u00a0!\",\"datePublished\":\"2022-05-27T14:00:00+00:00\",\"dateModified\":\"2024-09-11T17:48:59+00:00\",\"mainEntityOfPage\":{\"@id\":\"https:\\\/\\\/galagutenberg.ca\\\/2022\\\/05\\\/27\\\/le-26-mai-dernier-le-gutenberg-a-celebre-40-ans-dexcellence-de-limprime\\\/\"},\"wordCount\":730,\"image\":{\"@id\":\"https:\\\/\\\/galagutenberg.ca\\\/2022\\\/05\\\/27\\\/le-26-mai-dernier-le-gutenberg-a-celebre-40-ans-dexcellence-de-limprime\\\/#primaryimage\"},\"thumbnailUrl\":\"https:\\\/\\\/galagutenberg.ca\\\/wp-content\\\/uploads\\\/2022\\\/05\\\/A63I1067-scaled.jpg\",\"keywords\":[\"40eGalaGutenberg\",\"GalaGutenberg2022\"],\"articleSection\":[\"Communiqu\u00e9 de presse\"],\"inLanguage\":\"en-CA\"},{\"@type\":\"WebPage\",\"@id\":\"https:\\\/\\\/galagutenberg.ca\\\/2022\\\/05\\\/27\\\/le-26-mai-dernier-le-gutenberg-a-celebre-40-ans-dexcellence-de-limprime\\\/\",\"url\":\"https:\\\/\\\/galagutenberg.ca\\\/2022\\\/05\\\/27\\\/le-26-mai-dernier-le-gutenberg-a-celebre-40-ans-dexcellence-de-limprime\\\/\",\"name\":\"Le 26 mai dernier, le Gutenberg a c\u00e9l\u00e9br\u00e9 40 ans d\u2019excellence de l\u2019imprim\u00e9\u00a0! - Gala Gutenberg\",\"isPartOf\":{\"@id\":\"https:\\\/\\\/galagutenberg.ca\\\/#website\"},\"primaryImageOfPage\":{\"@id\":\"https:\\\/\\\/galagutenberg.ca\\\/2022\\\/05\\\/27\\\/le-26-mai-dernier-le-gutenberg-a-celebre-40-ans-dexcellence-de-limprime\\\/#primaryimage\"},\"image\":{\"@id\":\"https:\\\/\\\/galagutenberg.ca\\\/2022\\\/05\\\/27\\\/le-26-mai-dernier-le-gutenberg-a-celebre-40-ans-dexcellence-de-limprime\\\/#primaryimage\"},\"thumbnailUrl\":\"https:\\\/\\\/galagutenberg.ca\\\/wp-content\\\/uploads\\\/2022\\\/05\\\/A63I1067-scaled.jpg\",\"datePublished\":\"2022-05-27T14:00:00+00:00\",\"dateModified\":\"2024-09-11T17:48:59+00:00\",\"author\":{\"@id\":\"https:\\\/\\\/galagutenberg.ca\\\/#\\\/schema\\\/person\\\/19a222a2a1288fe24025fde467360a9e\"},\"breadcrumb\":{\"@id\":\"https:\\\/\\\/galagutenberg.ca\\\/2022\\\/05\\\/27\\\/le-26-mai-dernier-le-gutenberg-a-celebre-40-ans-dexcellence-de-limprime\\\/#breadcrumb\"},\"inLanguage\":\"en-CA\",\"potentialAction\":[{\"@type\":\"ReadAction\",\"target\":[\"https:\\\/\\\/galagutenberg.ca\\\/2022\\\/05\\\/27\\\/le-26-mai-dernier-le-gutenberg-a-celebre-40-ans-dexcellence-de-limprime\\\/\"]}]},{\"@type\":\"ImageObject\",\"inLanguage\":\"en-CA\",\"@id\":\"https:\\\/\\\/galagutenberg.ca\\\/2022\\\/05\\\/27\\\/le-26-mai-dernier-le-gutenberg-a-celebre-40-ans-dexcellence-de-limprime\\\/#primaryimage\",\"url\":\"https:\\\/\\\/galagutenberg.ca\\\/wp-content\\\/uploads\\\/2022\\\/05\\\/A63I1067-scaled.jpg\",\"contentUrl\":\"https:\\\/\\\/galagutenberg.ca\\\/wp-content\\\/uploads\\\/2022\\\/05\\\/A63I1067-scaled.jpg\",\"width\":2560,\"height\":1707,\"caption\":\"\u00c9ric Lamontagne, pr\u00e9sident du Gala Gutenberg 2022\"},{\"@type\":\"BreadcrumbList\",\"@id\":\"https:\\\/\\\/galagutenberg.ca\\\/2022\\\/05\\\/27\\\/le-26-mai-dernier-le-gutenberg-a-celebre-40-ans-dexcellence-de-limprime\\\/#breadcrumb\",\"itemListElement\":[{\"@type\":\"ListItem\",\"position\":1,\"name\":\"Accueil\",\"item\":\"https:\\\/\\\/galagutenberg.ca\\\/\"},{\"@type\":\"ListItem\",\"position\":2,\"name\":\"Le 26 mai dernier, le Gutenberg a c\u00e9l\u00e9br\u00e9 40 ans d\u2019excellence de l\u2019imprim\u00e9\u00a0!\"}]},{\"@type\":\"WebSite\",\"@id\":\"https:\\\/\\\/galagutenberg.ca\\\/#website\",\"url\":\"https:\\\/\\\/galagutenberg.ca\\\/\",\"name\":\"Gala Gutenberg\",\"description\":\"\",\"potentialAction\":[{\"@type\":\"SearchAction\",\"target\":{\"@type\":\"EntryPoint\",\"urlTemplate\":\"https:\\\/\\\/galagutenberg.ca\\\/?s={search_term_string}\"},\"query-input\":{\"@type\":\"PropertyValueSpecification\",\"valueRequired\":true,\"valueName\":\"search_term_string\"}}],\"inLanguage\":\"en-CA\"},{\"@type\":\"Person\",\"@id\":\"https:\\\/\\\/galagutenberg.ca\\\/#\\\/schema\\\/person\\\/19a222a2a1288fe24025fde467360a9e\",\"name\":\"Charlotte Gaudreault\",\"image\":{\"@type\":\"ImageObject\",\"inLanguage\":\"en-CA\",\"@id\":\"https:\\\/\\\/secure.gravatar.com\\\/avatar\\\/207c70368c83b4e40faf8bee73dfc44ca9aee4ec686b2c2c552d357dfc97f720?s=96&d=mm&r=g\",\"url\":\"https:\\\/\\\/secure.gravatar.com\\\/avatar\\\/207c70368c83b4e40faf8bee73dfc44ca9aee4ec686b2c2c552d357dfc97f720?s=96&d=mm&r=g\",\"contentUrl\":\"https:\\\/\\\/secure.gravatar.com\\\/avatar\\\/207c70368c83b4e40faf8bee73dfc44ca9aee4ec686b2c2c552d357dfc97f720?s=96&d=mm&r=g\",\"caption\":\"Charlotte Gaudreault\"}}]}<\/script>\n<!-- \/ Yoast SEO plugin. -->","yoast_head_json":{"title":"Le 26 mai dernier, le Gutenberg a c\u00e9l\u00e9br\u00e9 40 ans d\u2019excellence de l\u2019imprim\u00e9\u00a0! - Gala Gutenberg","robots":{"index":"index","follow":"follow","max-snippet":"max-snippet:-1","max-image-preview":"max-image-preview:large","max-video-preview":"max-video-preview:-1"},"canonical":"https:\/\/galagutenberg.ca\/en\/2022\/05\/27\/le-26-mai-dernier-le-gutenberg-a-celebre-40-ans-dexcellence-de-limprime\/","og_locale":"en_US","og_type":"article","og_title":"Le 26 mai dernier, le Gutenberg a c\u00e9l\u00e9br\u00e9 40 ans d\u2019excellence de l\u2019imprim\u00e9\u00a0! - Gala Gutenberg","og_description":"Jeudi soir dernier, avait lieu \u00e0 la Salle de Bal du March\u00e9 Bonsecours \u00e0 Montr\u00e9al, le 40e&nbsp;Gala Gutenberg. C\u2019est dans une merveilleuse ambiance de retrouvailles, que ce sont d\u00e9roul\u00e9 le Cocktail et la Soir\u00e9e de remise des prestigieux troph\u00e9es Gutenberg. Le Gala Gutenberg s\u2019av\u00e8re l\u2019\u00e9v\u00e8nement par excellence de l\u2019industrie de l\u2019imprim\u00e9. Il souligne le talent, [&hellip;]","og_url":"https:\/\/galagutenberg.ca\/en\/2022\/05\/27\/le-26-mai-dernier-le-gutenberg-a-celebre-40-ans-dexcellence-de-limprime\/","og_site_name":"Gala Gutenberg","article_published_time":"2022-05-27T14:00:00+00:00","article_modified_time":"2024-09-11T17:48:59+00:00","og_image":[{"width":2560,"height":1707,"url":"https:\/\/galagutenberg.ca\/wp-content\/uploads\/2022\/05\/A63I1067-scaled.jpg","type":"image\/jpeg"}],"author":"Charlotte Gaudreault","twitter_card":"summary_large_image","twitter_misc":{"Written by":"Charlotte Gaudreault","Est. reading time":"4 minutes"},"schema":{"@context":"https:\/\/schema.org","@graph":[{"@type":"Article","@id":"https:\/\/galagutenberg.ca\/2022\/05\/27\/le-26-mai-dernier-le-gutenberg-a-celebre-40-ans-dexcellence-de-limprime\/#article","isPartOf":{"@id":"https:\/\/galagutenberg.ca\/2022\/05\/27\/le-26-mai-dernier-le-gutenberg-a-celebre-40-ans-dexcellence-de-limprime\/"},"author":{"name":"Charlotte Gaudreault","@id":"https:\/\/galagutenberg.ca\/#\/schema\/person\/19a222a2a1288fe24025fde467360a9e"},"headline":"Le 26 mai dernier, le Gutenberg a c\u00e9l\u00e9br\u00e9 40 ans d\u2019excellence de l\u2019imprim\u00e9\u00a0!","datePublished":"2022-05-27T14:00:00+00:00","dateModified":"2024-09-11T17:48:59+00:00","mainEntityOfPage":{"@id":"https:\/\/galagutenberg.ca\/2022\/05\/27\/le-26-mai-dernier-le-gutenberg-a-celebre-40-ans-dexcellence-de-limprime\/"},"wordCount":730,"image":{"@id":"https:\/\/galagutenberg.ca\/2022\/05\/27\/le-26-mai-dernier-le-gutenberg-a-celebre-40-ans-dexcellence-de-limprime\/#primaryimage"},"thumbnailUrl":"https:\/\/galagutenberg.ca\/wp-content\/uploads\/2022\/05\/A63I1067-scaled.jpg","keywords":["40eGalaGutenberg","GalaGutenberg2022"],"articleSection":["Communiqu\u00e9 de presse"],"inLanguage":"en-CA"},{"@type":"WebPage","@id":"https:\/\/galagutenberg.ca\/2022\/05\/27\/le-26-mai-dernier-le-gutenberg-a-celebre-40-ans-dexcellence-de-limprime\/","url":"https:\/\/galagutenberg.ca\/2022\/05\/27\/le-26-mai-dernier-le-gutenberg-a-celebre-40-ans-dexcellence-de-limprime\/","name":"Le 26 mai dernier, le Gutenberg a c\u00e9l\u00e9br\u00e9 40 ans d\u2019excellence de l\u2019imprim\u00e9\u00a0! - Gala Gutenberg","isPartOf":{"@id":"https:\/\/galagutenberg.ca\/#website"},"primaryImageOfPage":{"@id":"https:\/\/galagutenberg.ca\/2022\/05\/27\/le-26-mai-dernier-le-gutenberg-a-celebre-40-ans-dexcellence-de-limprime\/#primaryimage"},"image":{"@id":"https:\/\/galagutenberg.ca\/2022\/05\/27\/le-26-mai-dernier-le-gutenberg-a-celebre-40-ans-dexcellence-de-limprime\/#primaryimage"},"thumbnailUrl":"https:\/\/galagutenberg.ca\/wp-content\/uploads\/2022\/05\/A63I1067-scaled.jpg","datePublished":"2022-05-27T14:00:00+00:00","dateModified":"2024-09-11T17:48:59+00:00","author":{"@id":"https:\/\/galagutenberg.ca\/#\/schema\/person\/19a222a2a1288fe24025fde467360a9e"},"breadcrumb":{"@id":"https:\/\/galagutenberg.ca\/2022\/05\/27\/le-26-mai-dernier-le-gutenberg-a-celebre-40-ans-dexcellence-de-limprime\/#breadcrumb"},"inLanguage":"en-CA","potentialAction":[{"@type":"ReadAction","target":["https:\/\/galagutenberg.ca\/2022\/05\/27\/le-26-mai-dernier-le-gutenberg-a-celebre-40-ans-dexcellence-de-limprime\/"]}]},{"@type":"ImageObject","inLanguage":"en-CA","@id":"https:\/\/galagutenberg.ca\/2022\/05\/27\/le-26-mai-dernier-le-gutenberg-a-celebre-40-ans-dexcellence-de-limprime\/#primaryimage","url":"https:\/\/galagutenberg.ca\/wp-content\/uploads\/2022\/05\/A63I1067-scaled.jpg","contentUrl":"https:\/\/galagutenberg.ca\/wp-content\/uploads\/2022\/05\/A63I1067-scaled.jpg","width":2560,"height":1707,"caption":"\u00c9ric Lamontagne, pr\u00e9sident du Gala Gutenberg 2022"},{"@type":"BreadcrumbList","@id":"https:\/\/galagutenberg.ca\/2022\/05\/27\/le-26-mai-dernier-le-gutenberg-a-celebre-40-ans-dexcellence-de-limprime\/#breadcrumb","itemListElement":[{"@type":"ListItem","position":1,"name":"Accueil","item":"https:\/\/galagutenberg.ca\/"},{"@type":"ListItem","position":2,"name":"Le 26 mai dernier, le Gutenberg a c\u00e9l\u00e9br\u00e9 40 ans d\u2019excellence de l\u2019imprim\u00e9\u00a0!"}]},{"@type":"WebSite","@id":"https:\/\/galagutenberg.ca\/#website","url":"https:\/\/galagutenberg.ca\/","name":"Gala Gutenberg","description":"","potentialAction":[{"@type":"SearchAction","target":{"@type":"EntryPoint","urlTemplate":"https:\/\/galagutenberg.ca\/?s={search_term_string}"},"query-input":{"@type":"PropertyValueSpecification","valueRequired":true,"valueName":"search_term_string"}}],"inLanguage":"en-CA"},{"@type":"Person","@id":"https:\/\/galagutenberg.ca\/#\/schema\/person\/19a222a2a1288fe24025fde467360a9e","name":"Charlotte Gaudreault","image":{"@type":"ImageObject","inLanguage":"en-CA","@id":"https:\/\/secure.gravatar.com\/avatar\/207c70368c83b4e40faf8bee73dfc44ca9aee4ec686b2c2c552d357dfc97f720?s=96&d=mm&r=g","url":"https:\/\/secure.gravatar.com\/avatar\/207c70368c83b4e40faf8bee73dfc44ca9aee4ec686b2c2c552d357dfc97f720?s=96&d=mm&r=g","contentUrl":"https:\/\/secure.gravatar.com\/avatar\/207c70368c83b4e40faf8bee73dfc44ca9aee4ec686b2c2c552d357dfc97f720?s=96&d=mm&r=g","caption":"Charlotte Gaudreault"}}]}},"_links":{"self":[{"href":"https:\/\/galagutenberg.ca\/en\/wp-json\/wp\/v2\/posts\/15035","targetHints":{"allow":["GET"]}}],"collection":[{"href":"https:\/\/galagutenberg.ca\/en\/wp-json\/wp\/v2\/posts"}],"about":[{"href":"https:\/\/galagutenberg.ca\/en\/wp-json\/wp\/v2\/types\/post"}],"author":[{"embeddable":true,"href":"https:\/\/galagutenberg.ca\/en\/wp-json\/wp\/v2\/users\/7"}],"replies":[{"embeddable":true,"href":"https:\/\/galagutenberg.ca\/en\/wp-json\/wp\/v2\/comments?post=15035"}],"version-history":[{"count":2,"href":"https:\/\/galagutenberg.ca\/en\/wp-json\/wp\/v2\/posts\/15035\/revisions"}],"predecessor-version":[{"id":15107,"href":"https:\/\/galagutenberg.ca\/en\/wp-json\/wp\/v2\/posts\/15035\/revisions\/15107"}],"wp:featuredmedia":[{"embeddable":true,"href":"https:\/\/galagutenberg.ca\/en\/wp-json\/wp\/v2\/media\/8375"}],"wp:attachment":[{"href":"https:\/\/galagutenberg.ca\/en\/wp-json\/wp\/v2\/media?parent=15035"}],"wp:term":[{"taxonomy":"category","embeddable":true,"href":"https:\/\/galagutenberg.ca\/en\/wp-json\/wp\/v2\/categories?post=15035"},{"taxonomy":"post_tag","embeddable":true,"href":"https:\/\/galagutenberg.ca\/en\/wp-json\/wp\/v2\/tags?post=15035"}],"curies":[{"name":"wp","href":"https:\/\/api.w.org\/{rel}","templated":true}]}}