{"id":15049,"date":"2021-10-29T10:00:00","date_gmt":"2021-10-29T14:00:00","guid":{"rendered":"https:\/\/galagutenberg.ca\/?p=15049"},"modified":"2024-09-09T13:57:38","modified_gmt":"2024-09-09T17:57:38","slug":"le-comite-gutenberg-est-heureux-dannoncer-la-nomination-deric-lamontagne-au-poste-de-president-du-gutenberg-2022","status":"publish","type":"post","link":"https:\/\/galagutenberg.ca\/en\/2021\/10\/29\/le-comite-gutenberg-est-heureux-dannoncer-la-nomination-deric-lamontagne-au-poste-de-president-du-gutenberg-2022\/","title":{"rendered":"The Gutenberg Committee is pleased to announce the nomination of \u00c9ric Lamontagne as President of the Gutenberg 2022"},"content":{"rendered":"<p class=\"translation-block\">A few weeks after the 39th Gala, we are proud to announce the appointment of \u00c9ric Lamontagne, CEO of Mont-Roy l'imprimeur, to the position of President of the Gutenberg 2022 Committee.<\/p>\n\n\n\n<p>\u201c\u00c9ric successfully leads a dynamic company that continues to grow. From pre-press to digital, offset and large-format printing, Mont-Roy has been part of our industry for nearly 45 years. Eric's enthusiasm enables his team to innovate year after year. This is exactly what the Gutenberg values. The Organizing Committee is unanimous: we believe in his energy and his great confidence in our great Industry, and that's very motivating!\u201d enthusiastically explains Carmela Martinez, President of the Gutenberg 2020 and 2021.<\/p>\n\n\n\n<p class=\"translation-block\">\u201cI'm thrilled and honored to have been chosen to chair the 40th Gutenberg! It will also be the return of an exceptional Gala, in person, at last! Seeing colleagues and friends again in this festive atmosphere will be exhilarating! And to make it happen, we're counting on your participation. The Contest is open to all players in the print industry, throughout Quebec. From small to large, the challenges are real for everyone, regardless of geographic location or company size.  By showcasing all this talent, we can prove to print buyers that anything is possible in Quebec, even the most extravagant projects!\u201d explains \u00c9ric Lamontagne, President of the Gutenberg 2022 Committee.<\/p>\n\n\n\n<p>Thanks to the exceptional collaboration of our sponsors, print production partners and enthusiastic participants, the Organizing Committee is ready to celebrate the 40th Gutenberg.<\/p>\n\n\n\n<p><strong>The Gutenberg 2022 Committee :<\/strong><br>\u00c9ric Lamontagne, President of the Gutenberg 2022, Carmela Martinez, Andr\u00e9 Goyette, Chantal Vall\u00e9e, Helene Pageau, Jean-Francois Desjardins, Karl Belafi Jr, Mariane Beauchesne-Chr\u00e9tien, Marie-Eve Hupp\u00e9, Maril\u00e8ne Fournier, Patrick Choquet, St\u00e9phane Abraham, Suzie Gaudreault, V\u00e9ronique Paiement, Virginia Da Costa and Yoan Robitaille.<\/p>\n\n\n\n<p><strong>The Gutenberg<\/strong><br>Packaging, flexography, large format, offset, digital, cutting, lamination, finishing, binding, ennobling of all kinds, regardless of your field of expertise, participate and be proud of your creations.<\/p>\n\n\n\n<p class=\"translation-block\">The 40th Gala Gutenberg will take place on Thursday, May 26, 2022, at March\u00e9 Bonsecours.<\/p>\n\n\n\n<p class=\"translation-block\">Results of the 2021 Contest in pictures and videos at <strong>www.galagutenberg.ca\/en<\/strong><\/p>\n\n\n\n<p>-30-<\/p>\n\n\n\n<p><strong>Information:<\/strong><br>H\u00e9l\u00e8ne Pageau<br>Member of the Gutenberg Committee<br>514-389-5061 ext. 10238<br>helene.pageau@i-ci.ca<\/p>","protected":false},"excerpt":{"rendered":"<p>Quelques semaines apr\u00e8s le 39e&nbsp;Gala, c\u2019est avec fiert\u00e9 que nous annon\u00e7ons la nomination de \u00c9ric Lamontagne, PDG de Mont-Roy l\u2019imprimeur, au poste de Pr\u00e9sident du Comit\u00e9 Gutenberg 2022. \u00ab\u2009\u00c9ric dirige avec succ\u00e8s une entreprise dynamique qui ne cesse de cro\u00eetre. De la pr\u00e9impression \u00e0 l\u2019impression num\u00e9rique, offset et grand format, Mont-Roy fait partie de notre [&hellip;]<\/p>\n","protected":false},"author":7,"featured_media":7874,"comment_status":"closed","ping_status":"closed","sticky":false,"template":"","format":"standard","meta":{"site-sidebar-layout":"default","site-content-layout":"","ast-site-content-layout":"default","site-content-style":"default","site-sidebar-style":"default","ast-global-header-display":"","ast-banner-title-visibility":"","ast-main-header-display":"","ast-hfb-above-header-display":"","ast-hfb-below-header-display":"","ast-hfb-mobile-header-display":"","site-post-title":"","ast-breadcrumbs-content":"","ast-featured-img":"","footer-sml-layout":"","ast-disable-related-posts":"","theme-transparent-header-meta":"","adv-header-id-meta":"","stick-header-meta":"","header-above-stick-meta":"","header-main-stick-meta":"","header-below-stick-meta":"","astra-migrate-meta-layouts":"set","ast-page-background-enabled":"default","ast-page-background-meta":{"desktop":{"background-color":"","background-image":"","background-repeat":"repeat","background-position":"center center","background-size":"auto","background-attachment":"scroll","background-type":"","background-media":"","overlay-type":"","overlay-color":"","overlay-opacity":"","overlay-gradient":""},"tablet":{"background-color":"","background-image":"","background-repeat":"repeat","background-position":"center center","background-size":"auto","background-attachment":"scroll","background-type":"","background-media":"","overlay-type":"","overlay-color":"","overlay-opacity":"","overlay-gradient":""},"mobile":{"background-color":"","background-image":"","background-repeat":"repeat","background-position":"center center","background-size":"auto","background-attachment":"scroll","background-type":"","background-media":"","overlay-type":"","overlay-color":"","overlay-opacity":"","overlay-gradient":""}},"ast-content-background-meta":{"desktop":{"background-color":"var(--ast-global-color-5)","background-image":"","background-repeat":"repeat","background-position":"center center","background-size":"auto","background-attachment":"scroll","background-type":"","background-media":"","overlay-type":"","overlay-color":"","overlay-opacity":"","overlay-gradient":""},"tablet":{"background-color":"var(--ast-global-color-5)","background-image":"","background-repeat":"repeat","background-position":"center center","background-size":"auto","background-attachment":"scroll","background-type":"","background-media":"","overlay-type":"","overlay-color":"","overlay-opacity":"","overlay-gradient":""},"mobile":{"background-color":"var(--ast-global-color-5)","background-image":"","background-repeat":"repeat","background-position":"center center","background-size":"auto","background-attachment":"scroll","background-type":"","background-media":"","overlay-type":"","overlay-color":"","overlay-opacity":"","overlay-gradient":""}},"ngg_post_thumbnail":0,"footnotes":""},"categories":[12],"tags":[24,25],"class_list":["post-15049","post","type-post","status-publish","format-standard","has-post-thumbnail","hentry","category-communique-de-presse","tag-40egalagutenberg","tag-galagutenberg2022"],"yoast_head":"<!-- This site is optimized with the Yoast SEO plugin v27.4 - https:\/\/yoast.com\/product\/yoast-seo-wordpress\/ -->\n<title>Le Comit\u00e9 Gutenberg est heureux d\u2019annoncer la nomination d\u2019\u00c9ric Lamontagne au poste de pr\u00e9sident du Gutenberg 2022 - Gala Gutenberg<\/title>\n<meta name=\"robots\" content=\"index, follow, max-snippet:-1, max-image-preview:large, max-video-preview:-1\" \/>\n<link rel=\"canonical\" href=\"https:\/\/galagutenberg.ca\/en\/2021\/10\/29\/le-comite-gutenberg-est-heureux-dannoncer-la-nomination-deric-lamontagne-au-poste-de-president-du-gutenberg-2022\/\" \/>\n<meta property=\"og:locale\" content=\"en_US\" \/>\n<meta property=\"og:type\" content=\"article\" \/>\n<meta property=\"og:title\" content=\"Le Comit\u00e9 Gutenberg est heureux d\u2019annoncer la nomination d\u2019\u00c9ric Lamontagne au poste de pr\u00e9sident du Gutenberg 2022 - Gala Gutenberg\" \/>\n<meta property=\"og:description\" content=\"Quelques semaines apr\u00e8s le 39e&nbsp;Gala, c\u2019est avec fiert\u00e9 que nous annon\u00e7ons la nomination de \u00c9ric Lamontagne, PDG de Mont-Roy l\u2019imprimeur, au poste de Pr\u00e9sident du Comit\u00e9 Gutenberg 2022. \u00ab\u2009\u00c9ric dirige avec succ\u00e8s une entreprise dynamique qui ne cesse de cro\u00eetre. De la pr\u00e9impression \u00e0 l\u2019impression num\u00e9rique, offset et grand format, Mont-Roy fait partie de notre [&hellip;]\" \/>\n<meta property=\"og:url\" content=\"https:\/\/galagutenberg.ca\/en\/2021\/10\/29\/le-comite-gutenberg-est-heureux-dannoncer-la-nomination-deric-lamontagne-au-poste-de-president-du-gutenberg-2022\/\" \/>\n<meta property=\"og:site_name\" content=\"Gala Gutenberg\" \/>\n<meta property=\"article:published_time\" content=\"2021-10-29T14:00:00+00:00\" \/>\n<meta property=\"article:modified_time\" content=\"2024-09-09T17:57:38+00:00\" \/>\n<meta property=\"og:image\" content=\"https:\/\/galagutenberg.ca\/wp-content\/uploads\/2021\/10\/Eric-lamontagne.jpg\" \/>\n\t<meta property=\"og:image:width\" content=\"200\" \/>\n\t<meta property=\"og:image:height\" content=\"200\" \/>\n\t<meta property=\"og:image:type\" content=\"image\/jpeg\" \/>\n<meta name=\"author\" content=\"Charlotte Gaudreault\" \/>\n<meta name=\"twitter:card\" content=\"summary_large_image\" \/>\n<meta name=\"twitter:label1\" content=\"Written by\" \/>\n\t<meta name=\"twitter:data1\" content=\"Charlotte Gaudreault\" \/>\n\t<meta name=\"twitter:label2\" content=\"Est. reading time\" \/>\n\t<meta name=\"twitter:data2\" content=\"3 minutes\" \/>\n<script type=\"application\/ld+json\" class=\"yoast-schema-graph\">{\"@context\":\"https:\\\/\\\/schema.org\",\"@graph\":[{\"@type\":\"Article\",\"@id\":\"https:\\\/\\\/galagutenberg.ca\\\/2021\\\/10\\\/29\\\/le-comite-gutenberg-est-heureux-dannoncer-la-nomination-deric-lamontagne-au-poste-de-president-du-gutenberg-2022\\\/#article\",\"isPartOf\":{\"@id\":\"https:\\\/\\\/galagutenberg.ca\\\/2021\\\/10\\\/29\\\/le-comite-gutenberg-est-heureux-dannoncer-la-nomination-deric-lamontagne-au-poste-de-president-du-gutenberg-2022\\\/\"},\"author\":{\"name\":\"Charlotte Gaudreault\",\"@id\":\"https:\\\/\\\/galagutenberg.ca\\\/#\\\/schema\\\/person\\\/19a222a2a1288fe24025fde467360a9e\"},\"headline\":\"Le Comit\u00e9 Gutenberg est heureux d\u2019annoncer la nomination d\u2019\u00c9ric Lamontagne au poste de pr\u00e9sident du Gutenberg 2022\",\"datePublished\":\"2021-10-29T14:00:00+00:00\",\"dateModified\":\"2024-09-09T17:57:38+00:00\",\"mainEntityOfPage\":{\"@id\":\"https:\\\/\\\/galagutenberg.ca\\\/2021\\\/10\\\/29\\\/le-comite-gutenberg-est-heureux-dannoncer-la-nomination-deric-lamontagne-au-poste-de-president-du-gutenberg-2022\\\/\"},\"wordCount\":455,\"image\":{\"@id\":\"https:\\\/\\\/galagutenberg.ca\\\/2021\\\/10\\\/29\\\/le-comite-gutenberg-est-heureux-dannoncer-la-nomination-deric-lamontagne-au-poste-de-president-du-gutenberg-2022\\\/#primaryimage\"},\"thumbnailUrl\":\"https:\\\/\\\/galagutenberg.ca\\\/wp-content\\\/uploads\\\/2021\\\/10\\\/Eric-lamontagne.jpg\",\"keywords\":[\"40eGalaGutenberg\",\"GalaGutenberg2022\"],\"articleSection\":[\"Communiqu\u00e9 de presse\"],\"inLanguage\":\"en-CA\"},{\"@type\":\"WebPage\",\"@id\":\"https:\\\/\\\/galagutenberg.ca\\\/2021\\\/10\\\/29\\\/le-comite-gutenberg-est-heureux-dannoncer-la-nomination-deric-lamontagne-au-poste-de-president-du-gutenberg-2022\\\/\",\"url\":\"https:\\\/\\\/galagutenberg.ca\\\/2021\\\/10\\\/29\\\/le-comite-gutenberg-est-heureux-dannoncer-la-nomination-deric-lamontagne-au-poste-de-president-du-gutenberg-2022\\\/\",\"name\":\"Le Comit\u00e9 Gutenberg est heureux d\u2019annoncer la nomination d\u2019\u00c9ric Lamontagne au poste de pr\u00e9sident du Gutenberg 2022 - Gala Gutenberg\",\"isPartOf\":{\"@id\":\"https:\\\/\\\/galagutenberg.ca\\\/#website\"},\"primaryImageOfPage\":{\"@id\":\"https:\\\/\\\/galagutenberg.ca\\\/2021\\\/10\\\/29\\\/le-comite-gutenberg-est-heureux-dannoncer-la-nomination-deric-lamontagne-au-poste-de-president-du-gutenberg-2022\\\/#primaryimage\"},\"image\":{\"@id\":\"https:\\\/\\\/galagutenberg.ca\\\/2021\\\/10\\\/29\\\/le-comite-gutenberg-est-heureux-dannoncer-la-nomination-deric-lamontagne-au-poste-de-president-du-gutenberg-2022\\\/#primaryimage\"},\"thumbnailUrl\":\"https:\\\/\\\/galagutenberg.ca\\\/wp-content\\\/uploads\\\/2021\\\/10\\\/Eric-lamontagne.jpg\",\"datePublished\":\"2021-10-29T14:00:00+00:00\",\"dateModified\":\"2024-09-09T17:57:38+00:00\",\"author\":{\"@id\":\"https:\\\/\\\/galagutenberg.ca\\\/#\\\/schema\\\/person\\\/19a222a2a1288fe24025fde467360a9e\"},\"breadcrumb\":{\"@id\":\"https:\\\/\\\/galagutenberg.ca\\\/2021\\\/10\\\/29\\\/le-comite-gutenberg-est-heureux-dannoncer-la-nomination-deric-lamontagne-au-poste-de-president-du-gutenberg-2022\\\/#breadcrumb\"},\"inLanguage\":\"en-CA\",\"potentialAction\":[{\"@type\":\"ReadAction\",\"target\":[\"https:\\\/\\\/galagutenberg.ca\\\/2021\\\/10\\\/29\\\/le-comite-gutenberg-est-heureux-dannoncer-la-nomination-deric-lamontagne-au-poste-de-president-du-gutenberg-2022\\\/\"]}]},{\"@type\":\"ImageObject\",\"inLanguage\":\"en-CA\",\"@id\":\"https:\\\/\\\/galagutenberg.ca\\\/2021\\\/10\\\/29\\\/le-comite-gutenberg-est-heureux-dannoncer-la-nomination-deric-lamontagne-au-poste-de-president-du-gutenberg-2022\\\/#primaryimage\",\"url\":\"https:\\\/\\\/galagutenberg.ca\\\/wp-content\\\/uploads\\\/2021\\\/10\\\/Eric-lamontagne.jpg\",\"contentUrl\":\"https:\\\/\\\/galagutenberg.ca\\\/wp-content\\\/uploads\\\/2021\\\/10\\\/Eric-lamontagne.jpg\",\"width\":200,\"height\":200,\"caption\":\"\u00c9ric Lamontagne, PDG de Mont-Roy l\u2019imprimeur\"},{\"@type\":\"BreadcrumbList\",\"@id\":\"https:\\\/\\\/galagutenberg.ca\\\/2021\\\/10\\\/29\\\/le-comite-gutenberg-est-heureux-dannoncer-la-nomination-deric-lamontagne-au-poste-de-president-du-gutenberg-2022\\\/#breadcrumb\",\"itemListElement\":[{\"@type\":\"ListItem\",\"position\":1,\"name\":\"Accueil\",\"item\":\"https:\\\/\\\/galagutenberg.ca\\\/\"},{\"@type\":\"ListItem\",\"position\":2,\"name\":\"Le Comit\u00e9 Gutenberg est heureux d\u2019annoncer la nomination d\u2019\u00c9ric Lamontagne au poste de pr\u00e9sident du Gutenberg 2022\"}]},{\"@type\":\"WebSite\",\"@id\":\"https:\\\/\\\/galagutenberg.ca\\\/#website\",\"url\":\"https:\\\/\\\/galagutenberg.ca\\\/\",\"name\":\"Gala Gutenberg\",\"description\":\"\",\"potentialAction\":[{\"@type\":\"SearchAction\",\"target\":{\"@type\":\"EntryPoint\",\"urlTemplate\":\"https:\\\/\\\/galagutenberg.ca\\\/?s={search_term_string}\"},\"query-input\":{\"@type\":\"PropertyValueSpecification\",\"valueRequired\":true,\"valueName\":\"search_term_string\"}}],\"inLanguage\":\"en-CA\"},{\"@type\":\"Person\",\"@id\":\"https:\\\/\\\/galagutenberg.ca\\\/#\\\/schema\\\/person\\\/19a222a2a1288fe24025fde467360a9e\",\"name\":\"Charlotte Gaudreault\",\"image\":{\"@type\":\"ImageObject\",\"inLanguage\":\"en-CA\",\"@id\":\"https:\\\/\\\/secure.gravatar.com\\\/avatar\\\/207c70368c83b4e40faf8bee73dfc44ca9aee4ec686b2c2c552d357dfc97f720?s=96&d=mm&r=g\",\"url\":\"https:\\\/\\\/secure.gravatar.com\\\/avatar\\\/207c70368c83b4e40faf8bee73dfc44ca9aee4ec686b2c2c552d357dfc97f720?s=96&d=mm&r=g\",\"contentUrl\":\"https:\\\/\\\/secure.gravatar.com\\\/avatar\\\/207c70368c83b4e40faf8bee73dfc44ca9aee4ec686b2c2c552d357dfc97f720?s=96&d=mm&r=g\",\"caption\":\"Charlotte Gaudreault\"}}]}<\/script>\n<!-- \/ Yoast SEO plugin. -->","yoast_head_json":{"title":"Le Comit\u00e9 Gutenberg est heureux d\u2019annoncer la nomination d\u2019\u00c9ric Lamontagne au poste de pr\u00e9sident du Gutenberg 2022 - Gala Gutenberg","robots":{"index":"index","follow":"follow","max-snippet":"max-snippet:-1","max-image-preview":"max-image-preview:large","max-video-preview":"max-video-preview:-1"},"canonical":"https:\/\/galagutenberg.ca\/en\/2021\/10\/29\/le-comite-gutenberg-est-heureux-dannoncer-la-nomination-deric-lamontagne-au-poste-de-president-du-gutenberg-2022\/","og_locale":"en_US","og_type":"article","og_title":"Le Comit\u00e9 Gutenberg est heureux d\u2019annoncer la nomination d\u2019\u00c9ric Lamontagne au poste de pr\u00e9sident du Gutenberg 2022 - Gala Gutenberg","og_description":"Quelques semaines apr\u00e8s le 39e&nbsp;Gala, c\u2019est avec fiert\u00e9 que nous annon\u00e7ons la nomination de \u00c9ric Lamontagne, PDG de Mont-Roy l\u2019imprimeur, au poste de Pr\u00e9sident du Comit\u00e9 Gutenberg 2022. \u00ab\u2009\u00c9ric dirige avec succ\u00e8s une entreprise dynamique qui ne cesse de cro\u00eetre. De la pr\u00e9impression \u00e0 l\u2019impression num\u00e9rique, offset et grand format, Mont-Roy fait partie de notre [&hellip;]","og_url":"https:\/\/galagutenberg.ca\/en\/2021\/10\/29\/le-comite-gutenberg-est-heureux-dannoncer-la-nomination-deric-lamontagne-au-poste-de-president-du-gutenberg-2022\/","og_site_name":"Gala Gutenberg","article_published_time":"2021-10-29T14:00:00+00:00","article_modified_time":"2024-09-09T17:57:38+00:00","og_image":[{"width":200,"height":200,"url":"https:\/\/galagutenberg.ca\/wp-content\/uploads\/2021\/10\/Eric-lamontagne.jpg","type":"image\/jpeg"}],"author":"Charlotte Gaudreault","twitter_card":"summary_large_image","twitter_misc":{"Written by":"Charlotte Gaudreault","Est. reading time":"3 minutes"},"schema":{"@context":"https:\/\/schema.org","@graph":[{"@type":"Article","@id":"https:\/\/galagutenberg.ca\/2021\/10\/29\/le-comite-gutenberg-est-heureux-dannoncer-la-nomination-deric-lamontagne-au-poste-de-president-du-gutenberg-2022\/#article","isPartOf":{"@id":"https:\/\/galagutenberg.ca\/2021\/10\/29\/le-comite-gutenberg-est-heureux-dannoncer-la-nomination-deric-lamontagne-au-poste-de-president-du-gutenberg-2022\/"},"author":{"name":"Charlotte Gaudreault","@id":"https:\/\/galagutenberg.ca\/#\/schema\/person\/19a222a2a1288fe24025fde467360a9e"},"headline":"Le Comit\u00e9 Gutenberg est heureux d\u2019annoncer la nomination d\u2019\u00c9ric Lamontagne au poste de pr\u00e9sident du Gutenberg 2022","datePublished":"2021-10-29T14:00:00+00:00","dateModified":"2024-09-09T17:57:38+00:00","mainEntityOfPage":{"@id":"https:\/\/galagutenberg.ca\/2021\/10\/29\/le-comite-gutenberg-est-heureux-dannoncer-la-nomination-deric-lamontagne-au-poste-de-president-du-gutenberg-2022\/"},"wordCount":455,"image":{"@id":"https:\/\/galagutenberg.ca\/2021\/10\/29\/le-comite-gutenberg-est-heureux-dannoncer-la-nomination-deric-lamontagne-au-poste-de-president-du-gutenberg-2022\/#primaryimage"},"thumbnailUrl":"https:\/\/galagutenberg.ca\/wp-content\/uploads\/2021\/10\/Eric-lamontagne.jpg","keywords":["40eGalaGutenberg","GalaGutenberg2022"],"articleSection":["Communiqu\u00e9 de presse"],"inLanguage":"en-CA"},{"@type":"WebPage","@id":"https:\/\/galagutenberg.ca\/2021\/10\/29\/le-comite-gutenberg-est-heureux-dannoncer-la-nomination-deric-lamontagne-au-poste-de-president-du-gutenberg-2022\/","url":"https:\/\/galagutenberg.ca\/2021\/10\/29\/le-comite-gutenberg-est-heureux-dannoncer-la-nomination-deric-lamontagne-au-poste-de-president-du-gutenberg-2022\/","name":"Le Comit\u00e9 Gutenberg est heureux d\u2019annoncer la nomination d\u2019\u00c9ric Lamontagne au poste de pr\u00e9sident du Gutenberg 2022 - Gala Gutenberg","isPartOf":{"@id":"https:\/\/galagutenberg.ca\/#website"},"primaryImageOfPage":{"@id":"https:\/\/galagutenberg.ca\/2021\/10\/29\/le-comite-gutenberg-est-heureux-dannoncer-la-nomination-deric-lamontagne-au-poste-de-president-du-gutenberg-2022\/#primaryimage"},"image":{"@id":"https:\/\/galagutenberg.ca\/2021\/10\/29\/le-comite-gutenberg-est-heureux-dannoncer-la-nomination-deric-lamontagne-au-poste-de-president-du-gutenberg-2022\/#primaryimage"},"thumbnailUrl":"https:\/\/galagutenberg.ca\/wp-content\/uploads\/2021\/10\/Eric-lamontagne.jpg","datePublished":"2021-10-29T14:00:00+00:00","dateModified":"2024-09-09T17:57:38+00:00","author":{"@id":"https:\/\/galagutenberg.ca\/#\/schema\/person\/19a222a2a1288fe24025fde467360a9e"},"breadcrumb":{"@id":"https:\/\/galagutenberg.ca\/2021\/10\/29\/le-comite-gutenberg-est-heureux-dannoncer-la-nomination-deric-lamontagne-au-poste-de-president-du-gutenberg-2022\/#breadcrumb"},"inLanguage":"en-CA","potentialAction":[{"@type":"ReadAction","target":["https:\/\/galagutenberg.ca\/2021\/10\/29\/le-comite-gutenberg-est-heureux-dannoncer-la-nomination-deric-lamontagne-au-poste-de-president-du-gutenberg-2022\/"]}]},{"@type":"ImageObject","inLanguage":"en-CA","@id":"https:\/\/galagutenberg.ca\/2021\/10\/29\/le-comite-gutenberg-est-heureux-dannoncer-la-nomination-deric-lamontagne-au-poste-de-president-du-gutenberg-2022\/#primaryimage","url":"https:\/\/galagutenberg.ca\/wp-content\/uploads\/2021\/10\/Eric-lamontagne.jpg","contentUrl":"https:\/\/galagutenberg.ca\/wp-content\/uploads\/2021\/10\/Eric-lamontagne.jpg","width":200,"height":200,"caption":"\u00c9ric Lamontagne, PDG de Mont-Roy l\u2019imprimeur"},{"@type":"BreadcrumbList","@id":"https:\/\/galagutenberg.ca\/2021\/10\/29\/le-comite-gutenberg-est-heureux-dannoncer-la-nomination-deric-lamontagne-au-poste-de-president-du-gutenberg-2022\/#breadcrumb","itemListElement":[{"@type":"ListItem","position":1,"name":"Accueil","item":"https:\/\/galagutenberg.ca\/"},{"@type":"ListItem","position":2,"name":"Le Comit\u00e9 Gutenberg est heureux d\u2019annoncer la nomination d\u2019\u00c9ric Lamontagne au poste de pr\u00e9sident du Gutenberg 2022"}]},{"@type":"WebSite","@id":"https:\/\/galagutenberg.ca\/#website","url":"https:\/\/galagutenberg.ca\/","name":"Gala Gutenberg","description":"","potentialAction":[{"@type":"SearchAction","target":{"@type":"EntryPoint","urlTemplate":"https:\/\/galagutenberg.ca\/?s={search_term_string}"},"query-input":{"@type":"PropertyValueSpecification","valueRequired":true,"valueName":"search_term_string"}}],"inLanguage":"en-CA"},{"@type":"Person","@id":"https:\/\/galagutenberg.ca\/#\/schema\/person\/19a222a2a1288fe24025fde467360a9e","name":"Charlotte Gaudreault","image":{"@type":"ImageObject","inLanguage":"en-CA","@id":"https:\/\/secure.gravatar.com\/avatar\/207c70368c83b4e40faf8bee73dfc44ca9aee4ec686b2c2c552d357dfc97f720?s=96&d=mm&r=g","url":"https:\/\/secure.gravatar.com\/avatar\/207c70368c83b4e40faf8bee73dfc44ca9aee4ec686b2c2c552d357dfc97f720?s=96&d=mm&r=g","contentUrl":"https:\/\/secure.gravatar.com\/avatar\/207c70368c83b4e40faf8bee73dfc44ca9aee4ec686b2c2c552d357dfc97f720?s=96&d=mm&r=g","caption":"Charlotte Gaudreault"}}]}},"_links":{"self":[{"href":"https:\/\/galagutenberg.ca\/en\/wp-json\/wp\/v2\/posts\/15049","targetHints":{"allow":["GET"]}}],"collection":[{"href":"https:\/\/galagutenberg.ca\/en\/wp-json\/wp\/v2\/posts"}],"about":[{"href":"https:\/\/galagutenberg.ca\/en\/wp-json\/wp\/v2\/types\/post"}],"author":[{"embeddable":true,"href":"https:\/\/galagutenberg.ca\/en\/wp-json\/wp\/v2\/users\/7"}],"replies":[{"embeddable":true,"href":"https:\/\/galagutenberg.ca\/en\/wp-json\/wp\/v2\/comments?post=15049"}],"version-history":[{"count":2,"href":"https:\/\/galagutenberg.ca\/en\/wp-json\/wp\/v2\/posts\/15049\/revisions"}],"predecessor-version":[{"id":15051,"href":"https:\/\/galagutenberg.ca\/en\/wp-json\/wp\/v2\/posts\/15049\/revisions\/15051"}],"wp:featuredmedia":[{"embeddable":true,"href":"https:\/\/galagutenberg.ca\/en\/wp-json\/wp\/v2\/media\/7874"}],"wp:attachment":[{"href":"https:\/\/galagutenberg.ca\/en\/wp-json\/wp\/v2\/media?parent=15049"}],"wp:term":[{"taxonomy":"category","embeddable":true,"href":"https:\/\/galagutenberg.ca\/en\/wp-json\/wp\/v2\/categories?post=15049"},{"taxonomy":"post_tag","embeddable":true,"href":"https:\/\/galagutenberg.ca\/en\/wp-json\/wp\/v2\/tags?post=15049"}],"curies":[{"name":"wp","href":"https:\/\/api.w.org\/{rel}","templated":true}]}}