{"id":15060,"date":"2019-06-12T10:00:00","date_gmt":"2019-06-12T14:00:00","guid":{"rendered":"https:\/\/galagutenberg.ca\/?p=15060"},"modified":"2024-09-09T14:36:34","modified_gmt":"2024-09-09T18:36:34","slug":"le-comite-du-gutenberg-est-heureux-dannoncer-la-nomination-de-carmela-martinez-au-poste-de-presidente-du-gutenberg-2020","status":"publish","type":"post","link":"https:\/\/galagutenberg.ca\/en\/2019\/06\/12\/le-comite-du-gutenberg-est-heureux-dannoncer-la-nomination-de-carmela-martinez-au-poste-de-presidente-du-gutenberg-2020\/","title":{"rendered":"The Gutenberg Committee is pleased to announce the nomination of Carmela Martinez as President of the Gutenberg 2020"},"content":{"rendered":"<p class=\"translation-block\">A few weeks after the 37th Gala, we are proud to announce the nomination of Carmela Martinez, CEO of MP Repro, as President of the Gutenberg 2020 Committee.<\/p>\n\n\n\n<p>Carmela successfully manages a dynamic company that continues to grow. Digital printing, large format, signage, etc., Mp has been part of our beautiful Industry for over 50 years. Carmela's dynamism enables her team to innovate and progress year after year. This is exactly what the Gutenberg values.<\/p>\n\n\n\n<p>\u201cThe Gala Gutenberg is a wonderful opportunity for us all to celebrate the successes of our industry. The contest highlights the talent and know-how of its artisans, which are the pride of Quebec printers. In fact, it's their dynamism, creativity and desire to innovate that have motivated my presence as President of the Gutenberg 2020 Committee. We invite artisans to submit their creations to this prestigious competition, which showcases an industry that continues to evolve,\u201d adds Carmela Martinez enthusiastically.<\/p>\n\n\n\n<p class=\"translation-block\">Thanks to the exceptional collaboration of our sponsors, print production partners and enthusiastic participants, the Organizing Committee is ready to celebrate the 38th Gutenberg.<\/p>\n\n\n\n<p><strong>The Gutenberg<\/strong><br>The Contest is open to all players in the print industry throughout Quebec. From the smallest to the largest player, the challenges are real for everyone, regardless of geographic location or company size.<\/p>\n\n\n\n<p>Packaging, flexography, large format, offset, digital, cutting, lamination, finishing, binding, ennobling of all kinds, regardless of your field of expertise, participate and be proud of your creations.<\/p>\n\n\n\n<p>Do not hesitate to contact the Committee; your comments and ideas are most welcome.<\/p>\n\n\n\n<p class=\"translation-block\">Contest 2019 results in pictures and videos at  <strong><a href=\"https:\/\/galagutenberg.ca\/en\/\" target=\"_self\">www.galagutenberg.ca<\/a><\/strong><\/p>\n\n\n\n<p>-30-<\/p>\n\n\n\n<p><strong>Information:<\/strong><br>H\u00e9l\u00e8ne Pageau<br>Member of the Gutenberg Committee<br>514-389-5061, poste 238<br><a href=\"mailto:helene.pageau@i-ci.ca\">helene.pageau@i-ci.ca<\/a><\/p>","protected":false},"excerpt":{"rendered":"<p>Quelques semaines apr\u00e8s le 37e Gala, c&rsquo;est avec fiert\u00e9 que nous annon\u00e7ons la nomination de Carmela Martinez, PDG de MP Repro, au poste de Pr\u00e9sidente du Comit\u00e9 Gutenberg 2020. Carmela dirige avec succ\u00e8s une entreprise dynamique qui ne cesse de cro\u00eetre. Impression num\u00e9rique, grand format, signalisation, etc., Mp fait partie de notre belle Industrie depuis [&hellip;]<\/p>\n","protected":false},"author":7,"featured_media":4994,"comment_status":"closed","ping_status":"closed","sticky":false,"template":"","format":"standard","meta":{"site-sidebar-layout":"default","site-content-layout":"","ast-site-content-layout":"default","site-content-style":"default","site-sidebar-style":"default","ast-global-header-display":"","ast-banner-title-visibility":"","ast-main-header-display":"","ast-hfb-above-header-display":"","ast-hfb-below-header-display":"","ast-hfb-mobile-header-display":"","site-post-title":"","ast-breadcrumbs-content":"","ast-featured-img":"","footer-sml-layout":"","ast-disable-related-posts":"","theme-transparent-header-meta":"","adv-header-id-meta":"","stick-header-meta":"","header-above-stick-meta":"","header-main-stick-meta":"","header-below-stick-meta":"","astra-migrate-meta-layouts":"set","ast-page-background-enabled":"default","ast-page-background-meta":{"desktop":{"background-color":"","background-image":"","background-repeat":"repeat","background-position":"center center","background-size":"auto","background-attachment":"scroll","background-type":"","background-media":"","overlay-type":"","overlay-color":"","overlay-opacity":"","overlay-gradient":""},"tablet":{"background-color":"","background-image":"","background-repeat":"repeat","background-position":"center center","background-size":"auto","background-attachment":"scroll","background-type":"","background-media":"","overlay-type":"","overlay-color":"","overlay-opacity":"","overlay-gradient":""},"mobile":{"background-color":"","background-image":"","background-repeat":"repeat","background-position":"center center","background-size":"auto","background-attachment":"scroll","background-type":"","background-media":"","overlay-type":"","overlay-color":"","overlay-opacity":"","overlay-gradient":""}},"ast-content-background-meta":{"desktop":{"background-color":"var(--ast-global-color-5)","background-image":"","background-repeat":"repeat","background-position":"center center","background-size":"auto","background-attachment":"scroll","background-type":"","background-media":"","overlay-type":"","overlay-color":"","overlay-opacity":"","overlay-gradient":""},"tablet":{"background-color":"var(--ast-global-color-5)","background-image":"","background-repeat":"repeat","background-position":"center center","background-size":"auto","background-attachment":"scroll","background-type":"","background-media":"","overlay-type":"","overlay-color":"","overlay-opacity":"","overlay-gradient":""},"mobile":{"background-color":"var(--ast-global-color-5)","background-image":"","background-repeat":"repeat","background-position":"center center","background-size":"auto","background-attachment":"scroll","background-type":"","background-media":"","overlay-type":"","overlay-color":"","overlay-opacity":"","overlay-gradient":""}},"ngg_post_thumbnail":0,"footnotes":""},"categories":[12],"tags":[29,30],"class_list":["post-15060","post","type-post","status-publish","format-standard","has-post-thumbnail","hentry","category-communique-de-presse","tag-38egalagutenberg","tag-galagutenberg2020"],"yoast_head":"<!-- This site is optimized with the Yoast SEO plugin v27.4 - https:\/\/yoast.com\/product\/yoast-seo-wordpress\/ -->\n<title>Le Comit\u00e9 du Gutenberg est heureux d&#039;annoncer la nomination de Carmela Martinez au poste de pr\u00e9sidente du Gutenberg 2020 - Gala Gutenberg<\/title>\n<meta name=\"robots\" content=\"index, follow, max-snippet:-1, max-image-preview:large, max-video-preview:-1\" \/>\n<link rel=\"canonical\" href=\"https:\/\/galagutenberg.ca\/en\/2019\/06\/12\/le-comite-du-gutenberg-est-heureux-dannoncer-la-nomination-de-carmela-martinez-au-poste-de-presidente-du-gutenberg-2020\/\" \/>\n<meta property=\"og:locale\" content=\"en_US\" \/>\n<meta property=\"og:type\" content=\"article\" \/>\n<meta property=\"og:title\" content=\"Le Comit\u00e9 du Gutenberg est heureux d&#039;annoncer la nomination de Carmela Martinez au poste de pr\u00e9sidente du Gutenberg 2020 - Gala Gutenberg\" \/>\n<meta property=\"og:description\" content=\"Quelques semaines apr\u00e8s le 37e Gala, c&rsquo;est avec fiert\u00e9 que nous annon\u00e7ons la nomination de Carmela Martinez, PDG de MP Repro, au poste de Pr\u00e9sidente du Comit\u00e9 Gutenberg 2020. Carmela dirige avec succ\u00e8s une entreprise dynamique qui ne cesse de cro\u00eetre. Impression num\u00e9rique, grand format, signalisation, etc., Mp fait partie de notre belle Industrie depuis [&hellip;]\" \/>\n<meta property=\"og:url\" content=\"https:\/\/galagutenberg.ca\/en\/2019\/06\/12\/le-comite-du-gutenberg-est-heureux-dannoncer-la-nomination-de-carmela-martinez-au-poste-de-presidente-du-gutenberg-2020\/\" \/>\n<meta property=\"og:site_name\" content=\"Gala Gutenberg\" \/>\n<meta property=\"article:published_time\" content=\"2019-06-12T14:00:00+00:00\" \/>\n<meta property=\"article:modified_time\" content=\"2024-09-09T18:36:34+00:00\" \/>\n<meta property=\"og:image\" content=\"https:\/\/galagutenberg.ca\/wp-content\/uploads\/2020\/11\/Carmela_Martinez.jpg\" \/>\n\t<meta property=\"og:image:width\" content=\"3264\" \/>\n\t<meta property=\"og:image:height\" content=\"4928\" \/>\n\t<meta property=\"og:image:type\" content=\"image\/jpeg\" \/>\n<meta name=\"author\" content=\"Charlotte Gaudreault\" \/>\n<meta name=\"twitter:card\" content=\"summary_large_image\" \/>\n<meta name=\"twitter:label1\" content=\"Written by\" \/>\n\t<meta name=\"twitter:data1\" content=\"Charlotte Gaudreault\" \/>\n\t<meta name=\"twitter:label2\" content=\"Est. reading time\" \/>\n\t<meta name=\"twitter:data2\" content=\"2 minutes\" \/>\n<script type=\"application\/ld+json\" class=\"yoast-schema-graph\">{\"@context\":\"https:\\\/\\\/schema.org\",\"@graph\":[{\"@type\":\"Article\",\"@id\":\"https:\\\/\\\/galagutenberg.ca\\\/2019\\\/06\\\/12\\\/le-comite-du-gutenberg-est-heureux-dannoncer-la-nomination-de-carmela-martinez-au-poste-de-presidente-du-gutenberg-2020\\\/#article\",\"isPartOf\":{\"@id\":\"https:\\\/\\\/galagutenberg.ca\\\/2019\\\/06\\\/12\\\/le-comite-du-gutenberg-est-heureux-dannoncer-la-nomination-de-carmela-martinez-au-poste-de-presidente-du-gutenberg-2020\\\/\"},\"author\":{\"name\":\"Charlotte Gaudreault\",\"@id\":\"https:\\\/\\\/galagutenberg.ca\\\/#\\\/schema\\\/person\\\/19a222a2a1288fe24025fde467360a9e\"},\"headline\":\"Le Comit\u00e9 du Gutenberg est heureux d&rsquo;annoncer la nomination de Carmela Martinez au poste de pr\u00e9sidente du Gutenberg 2020\",\"datePublished\":\"2019-06-12T14:00:00+00:00\",\"dateModified\":\"2024-09-09T18:36:34+00:00\",\"mainEntityOfPage\":{\"@id\":\"https:\\\/\\\/galagutenberg.ca\\\/2019\\\/06\\\/12\\\/le-comite-du-gutenberg-est-heureux-dannoncer-la-nomination-de-carmela-martinez-au-poste-de-presidente-du-gutenberg-2020\\\/\"},\"wordCount\":361,\"image\":{\"@id\":\"https:\\\/\\\/galagutenberg.ca\\\/2019\\\/06\\\/12\\\/le-comite-du-gutenberg-est-heureux-dannoncer-la-nomination-de-carmela-martinez-au-poste-de-presidente-du-gutenberg-2020\\\/#primaryimage\"},\"thumbnailUrl\":\"https:\\\/\\\/galagutenberg.ca\\\/wp-content\\\/uploads\\\/2020\\\/11\\\/Carmela_Martinez.jpg\",\"keywords\":[\"38eGalaGutenberg\",\"GalaGutenberg2020\"],\"articleSection\":[\"Communiqu\u00e9 de presse\"],\"inLanguage\":\"en-CA\"},{\"@type\":\"WebPage\",\"@id\":\"https:\\\/\\\/galagutenberg.ca\\\/2019\\\/06\\\/12\\\/le-comite-du-gutenberg-est-heureux-dannoncer-la-nomination-de-carmela-martinez-au-poste-de-presidente-du-gutenberg-2020\\\/\",\"url\":\"https:\\\/\\\/galagutenberg.ca\\\/2019\\\/06\\\/12\\\/le-comite-du-gutenberg-est-heureux-dannoncer-la-nomination-de-carmela-martinez-au-poste-de-presidente-du-gutenberg-2020\\\/\",\"name\":\"Le Comit\u00e9 du Gutenberg est heureux d'annoncer la nomination de Carmela Martinez au poste de pr\u00e9sidente du Gutenberg 2020 - Gala Gutenberg\",\"isPartOf\":{\"@id\":\"https:\\\/\\\/galagutenberg.ca\\\/#website\"},\"primaryImageOfPage\":{\"@id\":\"https:\\\/\\\/galagutenberg.ca\\\/2019\\\/06\\\/12\\\/le-comite-du-gutenberg-est-heureux-dannoncer-la-nomination-de-carmela-martinez-au-poste-de-presidente-du-gutenberg-2020\\\/#primaryimage\"},\"image\":{\"@id\":\"https:\\\/\\\/galagutenberg.ca\\\/2019\\\/06\\\/12\\\/le-comite-du-gutenberg-est-heureux-dannoncer-la-nomination-de-carmela-martinez-au-poste-de-presidente-du-gutenberg-2020\\\/#primaryimage\"},\"thumbnailUrl\":\"https:\\\/\\\/galagutenberg.ca\\\/wp-content\\\/uploads\\\/2020\\\/11\\\/Carmela_Martinez.jpg\",\"datePublished\":\"2019-06-12T14:00:00+00:00\",\"dateModified\":\"2024-09-09T18:36:34+00:00\",\"author\":{\"@id\":\"https:\\\/\\\/galagutenberg.ca\\\/#\\\/schema\\\/person\\\/19a222a2a1288fe24025fde467360a9e\"},\"breadcrumb\":{\"@id\":\"https:\\\/\\\/galagutenberg.ca\\\/2019\\\/06\\\/12\\\/le-comite-du-gutenberg-est-heureux-dannoncer-la-nomination-de-carmela-martinez-au-poste-de-presidente-du-gutenberg-2020\\\/#breadcrumb\"},\"inLanguage\":\"en-CA\",\"potentialAction\":[{\"@type\":\"ReadAction\",\"target\":[\"https:\\\/\\\/galagutenberg.ca\\\/2019\\\/06\\\/12\\\/le-comite-du-gutenberg-est-heureux-dannoncer-la-nomination-de-carmela-martinez-au-poste-de-presidente-du-gutenberg-2020\\\/\"]}]},{\"@type\":\"ImageObject\",\"inLanguage\":\"en-CA\",\"@id\":\"https:\\\/\\\/galagutenberg.ca\\\/2019\\\/06\\\/12\\\/le-comite-du-gutenberg-est-heureux-dannoncer-la-nomination-de-carmela-martinez-au-poste-de-presidente-du-gutenberg-2020\\\/#primaryimage\",\"url\":\"https:\\\/\\\/galagutenberg.ca\\\/wp-content\\\/uploads\\\/2020\\\/11\\\/Carmela_Martinez.jpg\",\"contentUrl\":\"https:\\\/\\\/galagutenberg.ca\\\/wp-content\\\/uploads\\\/2020\\\/11\\\/Carmela_Martinez.jpg\",\"width\":3264,\"height\":4928,\"caption\":\"Carmela Martinez, PDG de Mp Repro\"},{\"@type\":\"BreadcrumbList\",\"@id\":\"https:\\\/\\\/galagutenberg.ca\\\/2019\\\/06\\\/12\\\/le-comite-du-gutenberg-est-heureux-dannoncer-la-nomination-de-carmela-martinez-au-poste-de-presidente-du-gutenberg-2020\\\/#breadcrumb\",\"itemListElement\":[{\"@type\":\"ListItem\",\"position\":1,\"name\":\"Accueil\",\"item\":\"https:\\\/\\\/galagutenberg.ca\\\/\"},{\"@type\":\"ListItem\",\"position\":2,\"name\":\"Le Comit\u00e9 du Gutenberg est heureux d&rsquo;annoncer la nomination de Carmela Martinez au poste de pr\u00e9sidente du Gutenberg 2020\"}]},{\"@type\":\"WebSite\",\"@id\":\"https:\\\/\\\/galagutenberg.ca\\\/#website\",\"url\":\"https:\\\/\\\/galagutenberg.ca\\\/\",\"name\":\"Gala Gutenberg\",\"description\":\"\",\"potentialAction\":[{\"@type\":\"SearchAction\",\"target\":{\"@type\":\"EntryPoint\",\"urlTemplate\":\"https:\\\/\\\/galagutenberg.ca\\\/?s={search_term_string}\"},\"query-input\":{\"@type\":\"PropertyValueSpecification\",\"valueRequired\":true,\"valueName\":\"search_term_string\"}}],\"inLanguage\":\"en-CA\"},{\"@type\":\"Person\",\"@id\":\"https:\\\/\\\/galagutenberg.ca\\\/#\\\/schema\\\/person\\\/19a222a2a1288fe24025fde467360a9e\",\"name\":\"Charlotte Gaudreault\",\"image\":{\"@type\":\"ImageObject\",\"inLanguage\":\"en-CA\",\"@id\":\"https:\\\/\\\/secure.gravatar.com\\\/avatar\\\/207c70368c83b4e40faf8bee73dfc44ca9aee4ec686b2c2c552d357dfc97f720?s=96&d=mm&r=g\",\"url\":\"https:\\\/\\\/secure.gravatar.com\\\/avatar\\\/207c70368c83b4e40faf8bee73dfc44ca9aee4ec686b2c2c552d357dfc97f720?s=96&d=mm&r=g\",\"contentUrl\":\"https:\\\/\\\/secure.gravatar.com\\\/avatar\\\/207c70368c83b4e40faf8bee73dfc44ca9aee4ec686b2c2c552d357dfc97f720?s=96&d=mm&r=g\",\"caption\":\"Charlotte Gaudreault\"}}]}<\/script>\n<!-- \/ Yoast SEO plugin. -->","yoast_head_json":{"title":"Le Comit\u00e9 du Gutenberg est heureux d'annoncer la nomination de Carmela Martinez au poste de pr\u00e9sidente du Gutenberg 2020 - Gala Gutenberg","robots":{"index":"index","follow":"follow","max-snippet":"max-snippet:-1","max-image-preview":"max-image-preview:large","max-video-preview":"max-video-preview:-1"},"canonical":"https:\/\/galagutenberg.ca\/en\/2019\/06\/12\/le-comite-du-gutenberg-est-heureux-dannoncer-la-nomination-de-carmela-martinez-au-poste-de-presidente-du-gutenberg-2020\/","og_locale":"en_US","og_type":"article","og_title":"Le Comit\u00e9 du Gutenberg est heureux d'annoncer la nomination de Carmela Martinez au poste de pr\u00e9sidente du Gutenberg 2020 - Gala Gutenberg","og_description":"Quelques semaines apr\u00e8s le 37e Gala, c&rsquo;est avec fiert\u00e9 que nous annon\u00e7ons la nomination de Carmela Martinez, PDG de MP Repro, au poste de Pr\u00e9sidente du Comit\u00e9 Gutenberg 2020. Carmela dirige avec succ\u00e8s une entreprise dynamique qui ne cesse de cro\u00eetre. Impression num\u00e9rique, grand format, signalisation, etc., Mp fait partie de notre belle Industrie depuis [&hellip;]","og_url":"https:\/\/galagutenberg.ca\/en\/2019\/06\/12\/le-comite-du-gutenberg-est-heureux-dannoncer-la-nomination-de-carmela-martinez-au-poste-de-presidente-du-gutenberg-2020\/","og_site_name":"Gala Gutenberg","article_published_time":"2019-06-12T14:00:00+00:00","article_modified_time":"2024-09-09T18:36:34+00:00","og_image":[{"width":3264,"height":4928,"url":"https:\/\/galagutenberg.ca\/wp-content\/uploads\/2020\/11\/Carmela_Martinez.jpg","type":"image\/jpeg"}],"author":"Charlotte Gaudreault","twitter_card":"summary_large_image","twitter_misc":{"Written by":"Charlotte Gaudreault","Est. reading time":"2 minutes"},"schema":{"@context":"https:\/\/schema.org","@graph":[{"@type":"Article","@id":"https:\/\/galagutenberg.ca\/2019\/06\/12\/le-comite-du-gutenberg-est-heureux-dannoncer-la-nomination-de-carmela-martinez-au-poste-de-presidente-du-gutenberg-2020\/#article","isPartOf":{"@id":"https:\/\/galagutenberg.ca\/2019\/06\/12\/le-comite-du-gutenberg-est-heureux-dannoncer-la-nomination-de-carmela-martinez-au-poste-de-presidente-du-gutenberg-2020\/"},"author":{"name":"Charlotte Gaudreault","@id":"https:\/\/galagutenberg.ca\/#\/schema\/person\/19a222a2a1288fe24025fde467360a9e"},"headline":"Le Comit\u00e9 du Gutenberg est heureux d&rsquo;annoncer la nomination de Carmela Martinez au poste de pr\u00e9sidente du Gutenberg 2020","datePublished":"2019-06-12T14:00:00+00:00","dateModified":"2024-09-09T18:36:34+00:00","mainEntityOfPage":{"@id":"https:\/\/galagutenberg.ca\/2019\/06\/12\/le-comite-du-gutenberg-est-heureux-dannoncer-la-nomination-de-carmela-martinez-au-poste-de-presidente-du-gutenberg-2020\/"},"wordCount":361,"image":{"@id":"https:\/\/galagutenberg.ca\/2019\/06\/12\/le-comite-du-gutenberg-est-heureux-dannoncer-la-nomination-de-carmela-martinez-au-poste-de-presidente-du-gutenberg-2020\/#primaryimage"},"thumbnailUrl":"https:\/\/galagutenberg.ca\/wp-content\/uploads\/2020\/11\/Carmela_Martinez.jpg","keywords":["38eGalaGutenberg","GalaGutenberg2020"],"articleSection":["Communiqu\u00e9 de presse"],"inLanguage":"en-CA"},{"@type":"WebPage","@id":"https:\/\/galagutenberg.ca\/2019\/06\/12\/le-comite-du-gutenberg-est-heureux-dannoncer-la-nomination-de-carmela-martinez-au-poste-de-presidente-du-gutenberg-2020\/","url":"https:\/\/galagutenberg.ca\/2019\/06\/12\/le-comite-du-gutenberg-est-heureux-dannoncer-la-nomination-de-carmela-martinez-au-poste-de-presidente-du-gutenberg-2020\/","name":"Le Comit\u00e9 du Gutenberg est heureux d'annoncer la nomination de Carmela Martinez au poste de pr\u00e9sidente du Gutenberg 2020 - Gala Gutenberg","isPartOf":{"@id":"https:\/\/galagutenberg.ca\/#website"},"primaryImageOfPage":{"@id":"https:\/\/galagutenberg.ca\/2019\/06\/12\/le-comite-du-gutenberg-est-heureux-dannoncer-la-nomination-de-carmela-martinez-au-poste-de-presidente-du-gutenberg-2020\/#primaryimage"},"image":{"@id":"https:\/\/galagutenberg.ca\/2019\/06\/12\/le-comite-du-gutenberg-est-heureux-dannoncer-la-nomination-de-carmela-martinez-au-poste-de-presidente-du-gutenberg-2020\/#primaryimage"},"thumbnailUrl":"https:\/\/galagutenberg.ca\/wp-content\/uploads\/2020\/11\/Carmela_Martinez.jpg","datePublished":"2019-06-12T14:00:00+00:00","dateModified":"2024-09-09T18:36:34+00:00","author":{"@id":"https:\/\/galagutenberg.ca\/#\/schema\/person\/19a222a2a1288fe24025fde467360a9e"},"breadcrumb":{"@id":"https:\/\/galagutenberg.ca\/2019\/06\/12\/le-comite-du-gutenberg-est-heureux-dannoncer-la-nomination-de-carmela-martinez-au-poste-de-presidente-du-gutenberg-2020\/#breadcrumb"},"inLanguage":"en-CA","potentialAction":[{"@type":"ReadAction","target":["https:\/\/galagutenberg.ca\/2019\/06\/12\/le-comite-du-gutenberg-est-heureux-dannoncer-la-nomination-de-carmela-martinez-au-poste-de-presidente-du-gutenberg-2020\/"]}]},{"@type":"ImageObject","inLanguage":"en-CA","@id":"https:\/\/galagutenberg.ca\/2019\/06\/12\/le-comite-du-gutenberg-est-heureux-dannoncer-la-nomination-de-carmela-martinez-au-poste-de-presidente-du-gutenberg-2020\/#primaryimage","url":"https:\/\/galagutenberg.ca\/wp-content\/uploads\/2020\/11\/Carmela_Martinez.jpg","contentUrl":"https:\/\/galagutenberg.ca\/wp-content\/uploads\/2020\/11\/Carmela_Martinez.jpg","width":3264,"height":4928,"caption":"Carmela Martinez, PDG de Mp Repro"},{"@type":"BreadcrumbList","@id":"https:\/\/galagutenberg.ca\/2019\/06\/12\/le-comite-du-gutenberg-est-heureux-dannoncer-la-nomination-de-carmela-martinez-au-poste-de-presidente-du-gutenberg-2020\/#breadcrumb","itemListElement":[{"@type":"ListItem","position":1,"name":"Accueil","item":"https:\/\/galagutenberg.ca\/"},{"@type":"ListItem","position":2,"name":"Le Comit\u00e9 du Gutenberg est heureux d&rsquo;annoncer la nomination de Carmela Martinez au poste de pr\u00e9sidente du Gutenberg 2020"}]},{"@type":"WebSite","@id":"https:\/\/galagutenberg.ca\/#website","url":"https:\/\/galagutenberg.ca\/","name":"Gala Gutenberg","description":"","potentialAction":[{"@type":"SearchAction","target":{"@type":"EntryPoint","urlTemplate":"https:\/\/galagutenberg.ca\/?s={search_term_string}"},"query-input":{"@type":"PropertyValueSpecification","valueRequired":true,"valueName":"search_term_string"}}],"inLanguage":"en-CA"},{"@type":"Person","@id":"https:\/\/galagutenberg.ca\/#\/schema\/person\/19a222a2a1288fe24025fde467360a9e","name":"Charlotte Gaudreault","image":{"@type":"ImageObject","inLanguage":"en-CA","@id":"https:\/\/secure.gravatar.com\/avatar\/207c70368c83b4e40faf8bee73dfc44ca9aee4ec686b2c2c552d357dfc97f720?s=96&d=mm&r=g","url":"https:\/\/secure.gravatar.com\/avatar\/207c70368c83b4e40faf8bee73dfc44ca9aee4ec686b2c2c552d357dfc97f720?s=96&d=mm&r=g","contentUrl":"https:\/\/secure.gravatar.com\/avatar\/207c70368c83b4e40faf8bee73dfc44ca9aee4ec686b2c2c552d357dfc97f720?s=96&d=mm&r=g","caption":"Charlotte Gaudreault"}}]}},"_links":{"self":[{"href":"https:\/\/galagutenberg.ca\/en\/wp-json\/wp\/v2\/posts\/15060","targetHints":{"allow":["GET"]}}],"collection":[{"href":"https:\/\/galagutenberg.ca\/en\/wp-json\/wp\/v2\/posts"}],"about":[{"href":"https:\/\/galagutenberg.ca\/en\/wp-json\/wp\/v2\/types\/post"}],"author":[{"embeddable":true,"href":"https:\/\/galagutenberg.ca\/en\/wp-json\/wp\/v2\/users\/7"}],"replies":[{"embeddable":true,"href":"https:\/\/galagutenberg.ca\/en\/wp-json\/wp\/v2\/comments?post=15060"}],"version-history":[{"count":1,"href":"https:\/\/galagutenberg.ca\/en\/wp-json\/wp\/v2\/posts\/15060\/revisions"}],"predecessor-version":[{"id":15061,"href":"https:\/\/galagutenberg.ca\/en\/wp-json\/wp\/v2\/posts\/15060\/revisions\/15061"}],"wp:featuredmedia":[{"embeddable":true,"href":"https:\/\/galagutenberg.ca\/en\/wp-json\/wp\/v2\/media\/4994"}],"wp:attachment":[{"href":"https:\/\/galagutenberg.ca\/en\/wp-json\/wp\/v2\/media?parent=15060"}],"wp:term":[{"taxonomy":"category","embeddable":true,"href":"https:\/\/galagutenberg.ca\/en\/wp-json\/wp\/v2\/categories?post=15060"},{"taxonomy":"post_tag","embeddable":true,"href":"https:\/\/galagutenberg.ca\/en\/wp-json\/wp\/v2\/tags?post=15060"}],"curies":[{"name":"wp","href":"https:\/\/api.w.org\/{rel}","templated":true}]}}