{"id":15077,"date":"2019-06-03T10:00:00","date_gmt":"2019-06-03T14:00:00","guid":{"rendered":"https:\/\/galagutenberg.ca\/?p=15077"},"modified":"2024-09-11T17:16:56","modified_gmt":"2024-09-11T21:16:56","slug":"le-30-mai-dernier-le-gutenberg-a-celebre-37-ans-dexcellence-de-limprime","status":"publish","type":"post","link":"https:\/\/galagutenberg.ca\/en\/2019\/06\/03\/le-30-mai-dernier-le-gutenberg-a-celebre-37-ans-dexcellence-de-limprime\/","title":{"rendered":"On May 30, the Gutenberg celebrated 37 years of print excellence!"},"content":{"rendered":"<p class=\"translation-block\">Last Thursday evening, the 37th Gala Gutenberg was held at the Salle de Bal du March\u00e9 Bonsecours in Montreal. Over 470 enthusiasts celebrated excellence in print.<\/p>\n\n\n\n<p>The Gala Gutenberg is the print industry's premier event. It highlights the talent, creativity and know-how of its craftsmen and women. \u201cThis year, we've put the spotlight on the entrepreneurs who will ensure the future of our vibrant industry. A succession formed of the same dreams and passions as their predecessors. What pride to perpetuate innovation and communicate the impact of our media to future generations!\u201d mentions Laur\u00e9anne Houde- Blais, co-president of the Gutenberg 2019.<\/p>\n\n\n\n<p>\u201cI'm delighted to see that so many companies have answered the call! Our industry is truly dynamic, and this Gala proved it once again. Influential people from all over Quebec converged, in this magnificent hall... not just printers but also enthusiasts from printing, management, finishing, programming, finishing, sales, packaging, marketing and much more. In the digital age, synonymous with an abundance of content, print is proving to be an impact medium, as we were able to see from the quality of the pieces presented. The industry has outdone itself,\u201d says Gilles Blais, President, Pr\u00e9cigrafik and co-chair of the Gutenberg 2019.<\/p>\n\n\n\n<p class=\"translation-block\">\u201cThe Committee worked very hard to prepare this 37th Gutenberg, and was privileged to obtain the support of many partners, including Konica Minolta, our Diamond partner and also Divicor, Canon, Hueneye, Ricoh and Rolland, as well as several industry partners,\u201d adds Mr. Blais.<\/p>\n\n\n\n<p>\u201cFor the evening's decor, we wanted to highlight all the sectors of our industry: wide-format, finishing, die-cutting, lamination, display, labels, packaging, fine paper and cardboard, and so on. I'd like to take this opportunity to thank once again the 24 companies who helped create the pieces that enhanced the evening,\u201d adds H\u00e9l\u00e8ne Pageau, from ICI and member of the organizing committee.<\/p>\n\n\n\n<p>\u201cPieces from the flexible packaging and flexo sectors once again took pride of place this year. The same goes for the new L'Audacieux category, with an impressive number of entries! Interest in the Competition and Gala continues to grow, and we're very pleased about that,\u201d adds St\u00e9phane Labrie, Training Coordinator at the CSMOCGQ and head of the Jury.<\/p>\n\n\n\n<p>On this magnificent Gala evening, 12 trophies were awarded to the proud winners. \u201cThe Gutenberg Committee was delighted to present the Coup de c\u0153ur award once again! Attendees were invited to vote for their favorite piece during the cocktail reception. The votes were counted by the next generation of students, the graduates of the Coll\u00e8ge Ahuntsic graphic communications programs, who were present for the evening. The Coup de c\u0153ur will definitely be back\u201d, adds St\u00e9phane Labrie.<\/p>\n\n\n\n<p>For full details and evaluation criteria, visit galagutenberg.ca.<\/p>\n\n\n\n<p>\u201cOn behalf of the entire Organizing Committee, a huge thank you for your participation!\u201d enthusiastically concludes H\u00e9l\u00e8ne Pageau, from ICI and member of the Organizing Committee.<\/p>\n\n\n\n<p><strong>Here are the 2019 Gutenberg winners:<\/strong><\/p>\n\n\n\n<p><strong>Magazine editing<\/strong><br>Programme souvenir des 20 ans du Gala Les Olivier<br>Groupe Stylex du Progr\u00e8s<\/p>\n\n\n\n<p><strong>Newspaper editing<\/strong><br>Le Journal Outremont<br>Imprimerie FL Web<\/p>\n\n\n\n<p><strong>Book editing<\/strong><br>The Art of Flavor<br>L&rsquo;Empreinte<\/p>\n\n\n\n<p><strong>Label<\/strong><br>La Promise, Vin ros\u00e9<br>Domaine Pelchat Lema\u00eetre-Auger<br>Imprimerie Ste-Julie<\/p>\n\n\n\n<p><strong>Display<\/strong><br>Canards de Bonaventure<br>MP Repro<\/p>\n\n\n\n<p><strong>Packaging<\/strong><br>Dewar&rsquo;s Scotch Whisky<br>Supremex<\/p>\n\n\n\n<p><strong>Ennoblement<\/strong><br>Pochette de pr\u00e9sentation Konica Minolta<br>Impression Paragraph<\/p>\n\n\n\n<p><strong>Client marketing<\/strong><br>Brochure-Pochette Magellan Condos<br>L&rsquo;Empreinte<\/p>\n\n\n\n<p><strong>Self-promotion marketing<\/strong><br>Brochure Jet Varnish 3D Innovations<br>Groupe Stylex du Progr\u00e8s et sa Division Jet Varnish 3D Innovations<\/p>\n\n\n\n<p><strong>Flexible packaging<\/strong><br>La Coul\u00e9e, Eau d&rsquo;\u00e9rable p\u00e9tillante<br>Imprimerie Ste-Julie<\/p>\n\n\n\n<p><strong>L&rsquo;Audacieux<\/strong><br>Invitation de mariage &#8211; M\u00e9lody &amp; Bruno<br>Mont-Roy l&rsquo;imprimeur<\/p>\n\n\n\n<p><strong>Coup de Coeur !<\/strong><br>Magazine NOUVAiles<br>Imprimerie FL Web<\/p>\n\n\n\n<p><strong>Members of the 2019 Gutenberg Organizing Committee :<\/strong><br>Gilles Blais et Laur\u00e9anne Houde-Blais, Copr\u00e9sidents du Comit\u00e9 (Pr\u00e9cigrafik), Andr\u00e9 Goyette (Imprimerie Contact division du Groupe Minim\u00e9dia), Audrey B. Vachon (Lakl\u00e9), Chantal Vall\u00e9e (Spicers), H\u00e9l\u00e8ne Pageau (ICI), Karl Belafi Jr (KBR), Mala Dupont (OPTIPrint), Mariane Beauchesne-Chr\u00e9tien (ICI), Marie-Eve Hupp\u00e9 (ICI), Martin Gagnon (Multi-Flex), Martin Houle (Reprodoc), Patrick Choquet (Gravure Choquet), St\u00e9phane Labrie (CSMOCGQ), Stephanie Balayan (KBR), Suzie Gaudreault (Supremex), Yvon Sauvageau, (Multi- Reliure) et Zara-Emmanuelle Villani (Enveloppe Concept).<\/p>\n\n\n\n<p>For images and all the results of the 2019 Contest: www.galagutenberg.ca<\/p>\n\n\n\n<p>-30-<\/p>\n\n\n\n<p><strong>Information:<\/strong><br>H\u00e9l\u00e8ne Pageau<br>Member of the Gutenberg Committee 2013-2019<br>Printability and Graphic Communications Institute (ICI)<br>514-389-5061, poste 238<br>helene.pageau@i-ci.ca<\/p>\n\n\n\n<p><span style=\"color: rgb(0, 0, 0); font-size: medium; white-space-collapse: collapse;\"><\/span><\/p>","protected":false},"excerpt":{"rendered":"<p>Jeudi soir dernier, avait lieu \u00e0 la Salle de Bal du March\u00e9 Bonsecours \u00e0 Montr\u00e9al, le 37e Gala Gutenberg. Plus de 470 adeptes y ont c\u00e9l\u00e9br\u00e9 l&rsquo;excellence de l&rsquo;imprim\u00e9. Le Gala Gutenberg s&rsquo;av\u00e8re l&rsquo;\u00e9v\u00e8nement par excellence de l&rsquo;industrie de l&rsquo;imprim\u00e9. Il souligne le talent, la cr\u00e9ativit\u00e9 et le savoir-faire de ses artisans. \u00ab Cette ann\u00e9e, [&hellip;]<\/p>\n","protected":false},"author":7,"featured_media":15078,"comment_status":"closed","ping_status":"closed","sticky":false,"template":"","format":"standard","meta":{"site-sidebar-layout":"default","site-content-layout":"","ast-site-content-layout":"default","site-content-style":"default","site-sidebar-style":"default","ast-global-header-display":"","ast-banner-title-visibility":"","ast-main-header-display":"","ast-hfb-above-header-display":"","ast-hfb-below-header-display":"","ast-hfb-mobile-header-display":"","site-post-title":"","ast-breadcrumbs-content":"","ast-featured-img":"","footer-sml-layout":"","ast-disable-related-posts":"","theme-transparent-header-meta":"","adv-header-id-meta":"","stick-header-meta":"","header-above-stick-meta":"","header-main-stick-meta":"","header-below-stick-meta":"","astra-migrate-meta-layouts":"set","ast-page-background-enabled":"default","ast-page-background-meta":{"desktop":{"background-color":"","background-image":"","background-repeat":"repeat","background-position":"center center","background-size":"auto","background-attachment":"scroll","background-type":"","background-media":"","overlay-type":"","overlay-color":"","overlay-opacity":"","overlay-gradient":""},"tablet":{"background-color":"","background-image":"","background-repeat":"repeat","background-position":"center center","background-size":"auto","background-attachment":"scroll","background-type":"","background-media":"","overlay-type":"","overlay-color":"","overlay-opacity":"","overlay-gradient":""},"mobile":{"background-color":"","background-image":"","background-repeat":"repeat","background-position":"center center","background-size":"auto","background-attachment":"scroll","background-type":"","background-media":"","overlay-type":"","overlay-color":"","overlay-opacity":"","overlay-gradient":""}},"ast-content-background-meta":{"desktop":{"background-color":"var(--ast-global-color-5)","background-image":"","background-repeat":"repeat","background-position":"center center","background-size":"auto","background-attachment":"scroll","background-type":"","background-media":"","overlay-type":"","overlay-color":"","overlay-opacity":"","overlay-gradient":""},"tablet":{"background-color":"var(--ast-global-color-5)","background-image":"","background-repeat":"repeat","background-position":"center center","background-size":"auto","background-attachment":"scroll","background-type":"","background-media":"","overlay-type":"","overlay-color":"","overlay-opacity":"","overlay-gradient":""},"mobile":{"background-color":"var(--ast-global-color-5)","background-image":"","background-repeat":"repeat","background-position":"center center","background-size":"auto","background-attachment":"scroll","background-type":"","background-media":"","overlay-type":"","overlay-color":"","overlay-opacity":"","overlay-gradient":""}},"ngg_post_thumbnail":0,"footnotes":""},"categories":[12],"tags":[31,32],"class_list":["post-15077","post","type-post","status-publish","format-standard","has-post-thumbnail","hentry","category-communique-de-presse","tag-37egalagutenberg","tag-galagutenberg2019"],"yoast_head":"<!-- This site is optimized with the Yoast SEO plugin v27.4 - https:\/\/yoast.com\/product\/yoast-seo-wordpress\/ -->\n<title>Le 30 mai dernier, le Gutenberg a c\u00e9l\u00e9br\u00e9 37 ans d&#039;excellence de l&#039;imprim\u00e9 ! - Gala Gutenberg<\/title>\n<meta name=\"robots\" content=\"index, follow, max-snippet:-1, max-image-preview:large, max-video-preview:-1\" \/>\n<link rel=\"canonical\" href=\"https:\/\/galagutenberg.ca\/en\/2019\/06\/03\/le-30-mai-dernier-le-gutenberg-a-celebre-37-ans-dexcellence-de-limprime\/\" \/>\n<meta property=\"og:locale\" content=\"en_US\" \/>\n<meta property=\"og:type\" content=\"article\" \/>\n<meta property=\"og:title\" content=\"Le 30 mai dernier, le Gutenberg a c\u00e9l\u00e9br\u00e9 37 ans d&#039;excellence de l&#039;imprim\u00e9 ! - Gala Gutenberg\" \/>\n<meta property=\"og:description\" content=\"Jeudi soir dernier, avait lieu \u00e0 la Salle de Bal du March\u00e9 Bonsecours \u00e0 Montr\u00e9al, le 37e Gala Gutenberg. Plus de 470 adeptes y ont c\u00e9l\u00e9br\u00e9 l&rsquo;excellence de l&rsquo;imprim\u00e9. Le Gala Gutenberg s&rsquo;av\u00e8re l&rsquo;\u00e9v\u00e8nement par excellence de l&rsquo;industrie de l&rsquo;imprim\u00e9. Il souligne le talent, la cr\u00e9ativit\u00e9 et le savoir-faire de ses artisans. \u00ab Cette ann\u00e9e, [&hellip;]\" \/>\n<meta property=\"og:url\" content=\"https:\/\/galagutenberg.ca\/en\/2019\/06\/03\/le-30-mai-dernier-le-gutenberg-a-celebre-37-ans-dexcellence-de-limprime\/\" \/>\n<meta property=\"og:site_name\" content=\"Gala Gutenberg\" \/>\n<meta property=\"article:published_time\" content=\"2019-06-03T14:00:00+00:00\" \/>\n<meta property=\"article:modified_time\" content=\"2024-09-11T21:16:56+00:00\" \/>\n<meta property=\"og:image\" content=\"https:\/\/galagutenberg.ca\/wp-content\/uploads\/2024\/09\/2019-05-30_16045333_Photo_by_Jimmy_Hamelin.jpg\" \/>\n\t<meta property=\"og:image:width\" content=\"512\" \/>\n\t<meta property=\"og:image:height\" content=\"768\" \/>\n\t<meta property=\"og:image:type\" content=\"image\/jpeg\" \/>\n<meta name=\"author\" content=\"Charlotte Gaudreault\" \/>\n<meta name=\"twitter:card\" content=\"summary_large_image\" \/>\n<meta name=\"twitter:label1\" content=\"Written by\" \/>\n\t<meta name=\"twitter:data1\" content=\"Charlotte Gaudreault\" \/>\n\t<meta name=\"twitter:label2\" content=\"Est. reading time\" \/>\n\t<meta name=\"twitter:data2\" content=\"5 minutes\" \/>\n<script type=\"application\/ld+json\" class=\"yoast-schema-graph\">{\"@context\":\"https:\\\/\\\/schema.org\",\"@graph\":[{\"@type\":\"Article\",\"@id\":\"https:\\\/\\\/galagutenberg.ca\\\/2019\\\/06\\\/03\\\/le-30-mai-dernier-le-gutenberg-a-celebre-37-ans-dexcellence-de-limprime\\\/#article\",\"isPartOf\":{\"@id\":\"https:\\\/\\\/galagutenberg.ca\\\/2019\\\/06\\\/03\\\/le-30-mai-dernier-le-gutenberg-a-celebre-37-ans-dexcellence-de-limprime\\\/\"},\"author\":{\"name\":\"Charlotte Gaudreault\",\"@id\":\"https:\\\/\\\/galagutenberg.ca\\\/#\\\/schema\\\/person\\\/19a222a2a1288fe24025fde467360a9e\"},\"headline\":\"Le 30 mai dernier, le Gutenberg a c\u00e9l\u00e9br\u00e9 37 ans d&rsquo;excellence de l&rsquo;imprim\u00e9 !\",\"datePublished\":\"2019-06-03T14:00:00+00:00\",\"dateModified\":\"2024-09-11T21:16:56+00:00\",\"mainEntityOfPage\":{\"@id\":\"https:\\\/\\\/galagutenberg.ca\\\/2019\\\/06\\\/03\\\/le-30-mai-dernier-le-gutenberg-a-celebre-37-ans-dexcellence-de-limprime\\\/\"},\"wordCount\":874,\"image\":{\"@id\":\"https:\\\/\\\/galagutenberg.ca\\\/2019\\\/06\\\/03\\\/le-30-mai-dernier-le-gutenberg-a-celebre-37-ans-dexcellence-de-limprime\\\/#primaryimage\"},\"thumbnailUrl\":\"https:\\\/\\\/galagutenberg.ca\\\/wp-content\\\/uploads\\\/2024\\\/09\\\/2019-05-30_16045333_Photo_by_Jimmy_Hamelin.jpg\",\"keywords\":[\"37eGalaGutenberg\",\"GalaGutenberg2019\"],\"articleSection\":[\"Communiqu\u00e9 de presse\"],\"inLanguage\":\"en-CA\"},{\"@type\":\"WebPage\",\"@id\":\"https:\\\/\\\/galagutenberg.ca\\\/2019\\\/06\\\/03\\\/le-30-mai-dernier-le-gutenberg-a-celebre-37-ans-dexcellence-de-limprime\\\/\",\"url\":\"https:\\\/\\\/galagutenberg.ca\\\/2019\\\/06\\\/03\\\/le-30-mai-dernier-le-gutenberg-a-celebre-37-ans-dexcellence-de-limprime\\\/\",\"name\":\"Le 30 mai dernier, le Gutenberg a c\u00e9l\u00e9br\u00e9 37 ans d'excellence de l'imprim\u00e9 ! - Gala Gutenberg\",\"isPartOf\":{\"@id\":\"https:\\\/\\\/galagutenberg.ca\\\/#website\"},\"primaryImageOfPage\":{\"@id\":\"https:\\\/\\\/galagutenberg.ca\\\/2019\\\/06\\\/03\\\/le-30-mai-dernier-le-gutenberg-a-celebre-37-ans-dexcellence-de-limprime\\\/#primaryimage\"},\"image\":{\"@id\":\"https:\\\/\\\/galagutenberg.ca\\\/2019\\\/06\\\/03\\\/le-30-mai-dernier-le-gutenberg-a-celebre-37-ans-dexcellence-de-limprime\\\/#primaryimage\"},\"thumbnailUrl\":\"https:\\\/\\\/galagutenberg.ca\\\/wp-content\\\/uploads\\\/2024\\\/09\\\/2019-05-30_16045333_Photo_by_Jimmy_Hamelin.jpg\",\"datePublished\":\"2019-06-03T14:00:00+00:00\",\"dateModified\":\"2024-09-11T21:16:56+00:00\",\"author\":{\"@id\":\"https:\\\/\\\/galagutenberg.ca\\\/#\\\/schema\\\/person\\\/19a222a2a1288fe24025fde467360a9e\"},\"breadcrumb\":{\"@id\":\"https:\\\/\\\/galagutenberg.ca\\\/2019\\\/06\\\/03\\\/le-30-mai-dernier-le-gutenberg-a-celebre-37-ans-dexcellence-de-limprime\\\/#breadcrumb\"},\"inLanguage\":\"en-CA\",\"potentialAction\":[{\"@type\":\"ReadAction\",\"target\":[\"https:\\\/\\\/galagutenberg.ca\\\/2019\\\/06\\\/03\\\/le-30-mai-dernier-le-gutenberg-a-celebre-37-ans-dexcellence-de-limprime\\\/\"]}]},{\"@type\":\"ImageObject\",\"inLanguage\":\"en-CA\",\"@id\":\"https:\\\/\\\/galagutenberg.ca\\\/2019\\\/06\\\/03\\\/le-30-mai-dernier-le-gutenberg-a-celebre-37-ans-dexcellence-de-limprime\\\/#primaryimage\",\"url\":\"https:\\\/\\\/galagutenberg.ca\\\/wp-content\\\/uploads\\\/2024\\\/09\\\/2019-05-30_16045333_Photo_by_Jimmy_Hamelin.jpg\",\"contentUrl\":\"https:\\\/\\\/galagutenberg.ca\\\/wp-content\\\/uploads\\\/2024\\\/09\\\/2019-05-30_16045333_Photo_by_Jimmy_Hamelin.jpg\",\"width\":512,\"height\":768,\"caption\":\"Le 37e Gala Gutenberg s'est d\u00e9roul\u00e9 au March\u00e9 Bonsecours de Montr\u00e9al, le 30 mai 2019.\"},{\"@type\":\"BreadcrumbList\",\"@id\":\"https:\\\/\\\/galagutenberg.ca\\\/2019\\\/06\\\/03\\\/le-30-mai-dernier-le-gutenberg-a-celebre-37-ans-dexcellence-de-limprime\\\/#breadcrumb\",\"itemListElement\":[{\"@type\":\"ListItem\",\"position\":1,\"name\":\"Accueil\",\"item\":\"https:\\\/\\\/galagutenberg.ca\\\/\"},{\"@type\":\"ListItem\",\"position\":2,\"name\":\"Le 30 mai dernier, le Gutenberg a c\u00e9l\u00e9br\u00e9 37 ans d&rsquo;excellence de l&rsquo;imprim\u00e9 !\"}]},{\"@type\":\"WebSite\",\"@id\":\"https:\\\/\\\/galagutenberg.ca\\\/#website\",\"url\":\"https:\\\/\\\/galagutenberg.ca\\\/\",\"name\":\"Gala Gutenberg\",\"description\":\"\",\"potentialAction\":[{\"@type\":\"SearchAction\",\"target\":{\"@type\":\"EntryPoint\",\"urlTemplate\":\"https:\\\/\\\/galagutenberg.ca\\\/?s={search_term_string}\"},\"query-input\":{\"@type\":\"PropertyValueSpecification\",\"valueRequired\":true,\"valueName\":\"search_term_string\"}}],\"inLanguage\":\"en-CA\"},{\"@type\":\"Person\",\"@id\":\"https:\\\/\\\/galagutenberg.ca\\\/#\\\/schema\\\/person\\\/19a222a2a1288fe24025fde467360a9e\",\"name\":\"Charlotte Gaudreault\",\"image\":{\"@type\":\"ImageObject\",\"inLanguage\":\"en-CA\",\"@id\":\"https:\\\/\\\/secure.gravatar.com\\\/avatar\\\/207c70368c83b4e40faf8bee73dfc44ca9aee4ec686b2c2c552d357dfc97f720?s=96&d=mm&r=g\",\"url\":\"https:\\\/\\\/secure.gravatar.com\\\/avatar\\\/207c70368c83b4e40faf8bee73dfc44ca9aee4ec686b2c2c552d357dfc97f720?s=96&d=mm&r=g\",\"contentUrl\":\"https:\\\/\\\/secure.gravatar.com\\\/avatar\\\/207c70368c83b4e40faf8bee73dfc44ca9aee4ec686b2c2c552d357dfc97f720?s=96&d=mm&r=g\",\"caption\":\"Charlotte Gaudreault\"}}]}<\/script>\n<!-- \/ Yoast SEO plugin. -->","yoast_head_json":{"title":"Le 30 mai dernier, le Gutenberg a c\u00e9l\u00e9br\u00e9 37 ans d'excellence de l'imprim\u00e9 ! - Gala Gutenberg","robots":{"index":"index","follow":"follow","max-snippet":"max-snippet:-1","max-image-preview":"max-image-preview:large","max-video-preview":"max-video-preview:-1"},"canonical":"https:\/\/galagutenberg.ca\/en\/2019\/06\/03\/le-30-mai-dernier-le-gutenberg-a-celebre-37-ans-dexcellence-de-limprime\/","og_locale":"en_US","og_type":"article","og_title":"Le 30 mai dernier, le Gutenberg a c\u00e9l\u00e9br\u00e9 37 ans d'excellence de l'imprim\u00e9 ! - Gala Gutenberg","og_description":"Jeudi soir dernier, avait lieu \u00e0 la Salle de Bal du March\u00e9 Bonsecours \u00e0 Montr\u00e9al, le 37e Gala Gutenberg. Plus de 470 adeptes y ont c\u00e9l\u00e9br\u00e9 l&rsquo;excellence de l&rsquo;imprim\u00e9. Le Gala Gutenberg s&rsquo;av\u00e8re l&rsquo;\u00e9v\u00e8nement par excellence de l&rsquo;industrie de l&rsquo;imprim\u00e9. Il souligne le talent, la cr\u00e9ativit\u00e9 et le savoir-faire de ses artisans. \u00ab Cette ann\u00e9e, [&hellip;]","og_url":"https:\/\/galagutenberg.ca\/en\/2019\/06\/03\/le-30-mai-dernier-le-gutenberg-a-celebre-37-ans-dexcellence-de-limprime\/","og_site_name":"Gala Gutenberg","article_published_time":"2019-06-03T14:00:00+00:00","article_modified_time":"2024-09-11T21:16:56+00:00","og_image":[{"width":512,"height":768,"url":"https:\/\/galagutenberg.ca\/wp-content\/uploads\/2024\/09\/2019-05-30_16045333_Photo_by_Jimmy_Hamelin.jpg","type":"image\/jpeg"}],"author":"Charlotte Gaudreault","twitter_card":"summary_large_image","twitter_misc":{"Written by":"Charlotte Gaudreault","Est. reading time":"5 minutes"},"schema":{"@context":"https:\/\/schema.org","@graph":[{"@type":"Article","@id":"https:\/\/galagutenberg.ca\/2019\/06\/03\/le-30-mai-dernier-le-gutenberg-a-celebre-37-ans-dexcellence-de-limprime\/#article","isPartOf":{"@id":"https:\/\/galagutenberg.ca\/2019\/06\/03\/le-30-mai-dernier-le-gutenberg-a-celebre-37-ans-dexcellence-de-limprime\/"},"author":{"name":"Charlotte Gaudreault","@id":"https:\/\/galagutenberg.ca\/#\/schema\/person\/19a222a2a1288fe24025fde467360a9e"},"headline":"Le 30 mai dernier, le Gutenberg a c\u00e9l\u00e9br\u00e9 37 ans d&rsquo;excellence de l&rsquo;imprim\u00e9 !","datePublished":"2019-06-03T14:00:00+00:00","dateModified":"2024-09-11T21:16:56+00:00","mainEntityOfPage":{"@id":"https:\/\/galagutenberg.ca\/2019\/06\/03\/le-30-mai-dernier-le-gutenberg-a-celebre-37-ans-dexcellence-de-limprime\/"},"wordCount":874,"image":{"@id":"https:\/\/galagutenberg.ca\/2019\/06\/03\/le-30-mai-dernier-le-gutenberg-a-celebre-37-ans-dexcellence-de-limprime\/#primaryimage"},"thumbnailUrl":"https:\/\/galagutenberg.ca\/wp-content\/uploads\/2024\/09\/2019-05-30_16045333_Photo_by_Jimmy_Hamelin.jpg","keywords":["37eGalaGutenberg","GalaGutenberg2019"],"articleSection":["Communiqu\u00e9 de presse"],"inLanguage":"en-CA"},{"@type":"WebPage","@id":"https:\/\/galagutenberg.ca\/2019\/06\/03\/le-30-mai-dernier-le-gutenberg-a-celebre-37-ans-dexcellence-de-limprime\/","url":"https:\/\/galagutenberg.ca\/2019\/06\/03\/le-30-mai-dernier-le-gutenberg-a-celebre-37-ans-dexcellence-de-limprime\/","name":"Le 30 mai dernier, le Gutenberg a c\u00e9l\u00e9br\u00e9 37 ans d'excellence de l'imprim\u00e9 ! - Gala Gutenberg","isPartOf":{"@id":"https:\/\/galagutenberg.ca\/#website"},"primaryImageOfPage":{"@id":"https:\/\/galagutenberg.ca\/2019\/06\/03\/le-30-mai-dernier-le-gutenberg-a-celebre-37-ans-dexcellence-de-limprime\/#primaryimage"},"image":{"@id":"https:\/\/galagutenberg.ca\/2019\/06\/03\/le-30-mai-dernier-le-gutenberg-a-celebre-37-ans-dexcellence-de-limprime\/#primaryimage"},"thumbnailUrl":"https:\/\/galagutenberg.ca\/wp-content\/uploads\/2024\/09\/2019-05-30_16045333_Photo_by_Jimmy_Hamelin.jpg","datePublished":"2019-06-03T14:00:00+00:00","dateModified":"2024-09-11T21:16:56+00:00","author":{"@id":"https:\/\/galagutenberg.ca\/#\/schema\/person\/19a222a2a1288fe24025fde467360a9e"},"breadcrumb":{"@id":"https:\/\/galagutenberg.ca\/2019\/06\/03\/le-30-mai-dernier-le-gutenberg-a-celebre-37-ans-dexcellence-de-limprime\/#breadcrumb"},"inLanguage":"en-CA","potentialAction":[{"@type":"ReadAction","target":["https:\/\/galagutenberg.ca\/2019\/06\/03\/le-30-mai-dernier-le-gutenberg-a-celebre-37-ans-dexcellence-de-limprime\/"]}]},{"@type":"ImageObject","inLanguage":"en-CA","@id":"https:\/\/galagutenberg.ca\/2019\/06\/03\/le-30-mai-dernier-le-gutenberg-a-celebre-37-ans-dexcellence-de-limprime\/#primaryimage","url":"https:\/\/galagutenberg.ca\/wp-content\/uploads\/2024\/09\/2019-05-30_16045333_Photo_by_Jimmy_Hamelin.jpg","contentUrl":"https:\/\/galagutenberg.ca\/wp-content\/uploads\/2024\/09\/2019-05-30_16045333_Photo_by_Jimmy_Hamelin.jpg","width":512,"height":768,"caption":"Le 37e Gala Gutenberg s'est d\u00e9roul\u00e9 au March\u00e9 Bonsecours de Montr\u00e9al, le 30 mai 2019."},{"@type":"BreadcrumbList","@id":"https:\/\/galagutenberg.ca\/2019\/06\/03\/le-30-mai-dernier-le-gutenberg-a-celebre-37-ans-dexcellence-de-limprime\/#breadcrumb","itemListElement":[{"@type":"ListItem","position":1,"name":"Accueil","item":"https:\/\/galagutenberg.ca\/"},{"@type":"ListItem","position":2,"name":"Le 30 mai dernier, le Gutenberg a c\u00e9l\u00e9br\u00e9 37 ans d&rsquo;excellence de l&rsquo;imprim\u00e9 !"}]},{"@type":"WebSite","@id":"https:\/\/galagutenberg.ca\/#website","url":"https:\/\/galagutenberg.ca\/","name":"Gala Gutenberg","description":"","potentialAction":[{"@type":"SearchAction","target":{"@type":"EntryPoint","urlTemplate":"https:\/\/galagutenberg.ca\/?s={search_term_string}"},"query-input":{"@type":"PropertyValueSpecification","valueRequired":true,"valueName":"search_term_string"}}],"inLanguage":"en-CA"},{"@type":"Person","@id":"https:\/\/galagutenberg.ca\/#\/schema\/person\/19a222a2a1288fe24025fde467360a9e","name":"Charlotte Gaudreault","image":{"@type":"ImageObject","inLanguage":"en-CA","@id":"https:\/\/secure.gravatar.com\/avatar\/207c70368c83b4e40faf8bee73dfc44ca9aee4ec686b2c2c552d357dfc97f720?s=96&d=mm&r=g","url":"https:\/\/secure.gravatar.com\/avatar\/207c70368c83b4e40faf8bee73dfc44ca9aee4ec686b2c2c552d357dfc97f720?s=96&d=mm&r=g","contentUrl":"https:\/\/secure.gravatar.com\/avatar\/207c70368c83b4e40faf8bee73dfc44ca9aee4ec686b2c2c552d357dfc97f720?s=96&d=mm&r=g","caption":"Charlotte Gaudreault"}}]}},"_links":{"self":[{"href":"https:\/\/galagutenberg.ca\/en\/wp-json\/wp\/v2\/posts\/15077","targetHints":{"allow":["GET"]}}],"collection":[{"href":"https:\/\/galagutenberg.ca\/en\/wp-json\/wp\/v2\/posts"}],"about":[{"href":"https:\/\/galagutenberg.ca\/en\/wp-json\/wp\/v2\/types\/post"}],"author":[{"embeddable":true,"href":"https:\/\/galagutenberg.ca\/en\/wp-json\/wp\/v2\/users\/7"}],"replies":[{"embeddable":true,"href":"https:\/\/galagutenberg.ca\/en\/wp-json\/wp\/v2\/comments?post=15077"}],"version-history":[{"count":4,"href":"https:\/\/galagutenberg.ca\/en\/wp-json\/wp\/v2\/posts\/15077\/revisions"}],"predecessor-version":[{"id":15119,"href":"https:\/\/galagutenberg.ca\/en\/wp-json\/wp\/v2\/posts\/15077\/revisions\/15119"}],"wp:featuredmedia":[{"embeddable":true,"href":"https:\/\/galagutenberg.ca\/en\/wp-json\/wp\/v2\/media\/15078"}],"wp:attachment":[{"href":"https:\/\/galagutenberg.ca\/en\/wp-json\/wp\/v2\/media?parent=15077"}],"wp:term":[{"taxonomy":"category","embeddable":true,"href":"https:\/\/galagutenberg.ca\/en\/wp-json\/wp\/v2\/categories?post=15077"},{"taxonomy":"post_tag","embeddable":true,"href":"https:\/\/galagutenberg.ca\/en\/wp-json\/wp\/v2\/tags?post=15077"}],"curies":[{"name":"wp","href":"https:\/\/api.w.org\/{rel}","templated":true}]}}