{"id":15081,"date":"2018-06-04T10:00:00","date_gmt":"2018-06-04T14:00:00","guid":{"rendered":"https:\/\/galagutenberg.ca\/?p=15081"},"modified":"2024-09-11T17:07:37","modified_gmt":"2024-09-11T21:07:37","slug":"les-gutenberg-ont-celebre-36-ans-dexcellence-de-limprime","status":"publish","type":"post","link":"https:\/\/galagutenberg.ca\/en\/2018\/06\/04\/les-gutenberg-ont-celebre-36-ans-dexcellence-de-limprime\/","title":{"rendered":"The Gutenberg celebrated 36 years of print excellence!"},"content":{"rendered":"<p class=\"translation-block\">Last Thursday evening, the 36th Gala Gutenberg was held at the Salle de Bal du March\u00e9 Bonsecours in Montreal. Over 430 attendees celebrated excellence in print.<\/p>\n\n\n\n<p>The Gala Gutenberg is the print industry's premier event. It celebrates the talent, creativity and know-how of its artisans. \u201cI'm delighted to see that so many companies have answered the call! Our industry is truly dynamic, and this Gala proved it once again. Influential people from all over Quebec converged, once again, in this magnificent hall... not only printers, but also enthusiasts in printing, management, finishing, programming, robotization, finishing, sales, packaging, marketing and much more. Today, print is more present than ever. Gone are the days when printing was limited to paper; the possibilities are now endless,\u201d says Yvon Sauvageau, President, Multi-Reliure, and President of the Gutenberg 2018.<\/p>\n\n\n\n<p>\u201cThe Committee worked very hard to prepare this 36th Gutenberg, and was privileged to obtain the support of many partners, including Konica Minolta, which has already reserved its Diamond partnership for the next Gutenberg! We'd also like to thank Kodak, Hueneye, Ricoh and Rolland, as well as many other industry partners,\u201d adds Mr. Sauvageau.<\/p>\n\n\n\n<p>\u201cFor the evening's decor, we wanted to highlight all the sectors of our industry: large format, finishing, die-cutting, lamination, display, labels, packaging, fine paper and cardboard, and so on. I'd like to take this opportunity to thank once again the 22 companies who helped create the pieces that enhanced the evening,\u201d adds H\u00e9l\u00e8ne Pageau, from ICI and member of the organizing committee.<\/p>\n\n\n\n<p>\u201cPieces from the flexible packaging and flexo sectors once again took an important place this year. The same applies to the Display category, whose number of entries increases year after year. We're delighted that interest in the Contest and Gala continues to grow,\u201d adds St\u00e9phane Labrie, Training Coordinator at the CSMOCGQ and head of the Jury.<\/p>\n\n\n\n<p>\u201cNew companies, both medium and small, have demonstrated their know-how and great sense of innovation. The Committee is delighted to discover that some of the newcomers to the Contest are very small companies operating in all fields of production. These companies are proud of their achievements, and have presented highly original, technically challenging pieces,\u201d adds St\u00e9phane Labrie.<\/p>\n\n\n\n<p>On this magnificent Gala evening, 15 trophies were awarded to the proud winners. \u201cThe Gutenberg Committee was delighted to present the Coup de c\u0153ur award once again! Attendees were invited to vote for their favorite piece during the cocktail reception. The votes were counted by up-and-coming students from the Coll\u00e8ge Ahuntsic graphic communications programs, who were present for the evening. The Coup de c\u0153ur will definitely be back next year,\u201d adds St\u00e9phane Labrie.<\/p>\n\n\n\n<p><strong>Reinvented categories for 2019!<\/strong><\/p>\n\n\n\n<p>Because, like us, you care about the Gutenberg, and because we're listening to your comments, the Committee has revisited the various facets of the Contest. Now there's no room for hesitation, and everyone can take part!<\/p>\n\n\n\n<p>You're proud of your achievements, but many of you said you didn't see any real challenges in your day-to-day projects. Of course, the job of a printer, whatever his role in the graphic chain, is to create quality work. Of course, there's still room for innovation, and we've set aside a category for these so-called daring pieces!<\/p>\n\n\n\n<p>We have therefore eliminated the two sections previously described as \u201ctechnical challenge\u201d and \u201cinnovation challenge\u201d. The Competition needs to reinvent itself, just as our industry continues to evolve.<\/p>\n\n\n\n<p><strong>What is the Gutenberg L\u2019Audacieux?<\/strong><\/p>\n\n\n\n<p>Audacious means \u201cone who is willing to perform difficult actions, to take risks in order to succeed in a project considered impossible\u201d. Have you dared to go the extra mile, and produced a print that's revolutionary in its raw materials, manufacturing process, form or use? Then submit your piece to the Gutenberg L'Audacieux category!<\/p>\n\n\n\n<p>And don't forget that the categories don't take into account the printing process. You can therefore submit pieces in the same category that have been produced using offset, digital, silkscreen, inkjet, flexography, finishing, etc., or a combination of different processes. Pieces will be judged on their final result.<\/p>\n\n\n\n<p><strong>Here are the 11 categories in which you can enter your work to the Gutenberg 2019:<\/strong><\/p>\n\n\n\n<ul class=\"wp-block-list\">\n<li>Gutenberg Display<\/li>\n\n\n\n<li>Gutenberg Books Editing<\/li>\n\n\n\n<li>Gutenberg Magazines Editing<\/li>\n\n\n\n<li>Gutenberg Newspapers Editing<\/li>\n\n\n\n<li>Gutenberg Ennoblissement<\/li>\n\n\n\n<li>Gutenberg Labels<\/li>\n\n\n\n<li>Gutenberg Packaging<\/li>\n\n\n\n<li>Gutenberg Flexible Packaging<\/li>\n\n\n\n<li>Gutenberg Marketing (Self-Promotion)<\/li>\n\n\n\n<li>Gutenberg Marketing (Customer)<\/li>\n\n\n\n<li>Gutenberg L&rsquo;Audacieux (NOUVEAU!)<\/li>\n<\/ul>\n\n\n\n<p>There are no more barriers to your participation!<\/p>\n\n\n\n<p class=\"translation-block\">Start stocking up now on your pieces for the 2019 Contest! You'll find all the information and revised evaluation criteria at <a href=\"https:\/\/galagutenberg.ca\/en\" target=\"_self\">galagutenberg.ca\/en<\/a><\/p>\n\n\n\n<p class=\"translation-block\">\u201cWe're already promoting Gutenberg 2019! Next year, we'll be celebrating the 37th anniversary of this great Contest. Celebrate the industry with us by participating, and don't hesitate to contact the Committee. Your comments, ideas and time are most welcome,\u201d enthusiastically concludes H\u00e9l\u00e8ne Pageau, from ICI and member of the Organizing Committee.<\/p>","protected":false},"excerpt":{"rendered":"<p>Jeudi soir dernier, avait lieu \u00e0 la Salle de Bal du March\u00e9 Bonsecours \u00e0 Montr\u00e9al, le 36e Gala Gutenberg. Plus de 430 adeptes y ont c\u00e9l\u00e9br\u00e9 l&rsquo;excellence de l&rsquo;imprim\u00e9. Le Gala Gutenberg s&rsquo;av\u00e8re l&rsquo;\u00e9v\u00e8nement par excellence de l&rsquo;industrie de l&rsquo;imprim\u00e9. Il souligne le talent, la cr\u00e9ativit\u00e9 et le savoir-faire de ses artisans. \u00ab Je suis [&hellip;]<\/p>\n","protected":false},"author":7,"featured_media":15085,"comment_status":"closed","ping_status":"closed","sticky":false,"template":"","format":"standard","meta":{"site-sidebar-layout":"default","site-content-layout":"","ast-site-content-layout":"default","site-content-style":"default","site-sidebar-style":"default","ast-global-header-display":"","ast-banner-title-visibility":"","ast-main-header-display":"","ast-hfb-above-header-display":"","ast-hfb-below-header-display":"","ast-hfb-mobile-header-display":"","site-post-title":"","ast-breadcrumbs-content":"","ast-featured-img":"","footer-sml-layout":"","ast-disable-related-posts":"","theme-transparent-header-meta":"","adv-header-id-meta":"","stick-header-meta":"","header-above-stick-meta":"","header-main-stick-meta":"","header-below-stick-meta":"","astra-migrate-meta-layouts":"set","ast-page-background-enabled":"default","ast-page-background-meta":{"desktop":{"background-color":"","background-image":"","background-repeat":"repeat","background-position":"center center","background-size":"auto","background-attachment":"scroll","background-type":"","background-media":"","overlay-type":"","overlay-color":"","overlay-opacity":"","overlay-gradient":""},"tablet":{"background-color":"","background-image":"","background-repeat":"repeat","background-position":"center center","background-size":"auto","background-attachment":"scroll","background-type":"","background-media":"","overlay-type":"","overlay-color":"","overlay-opacity":"","overlay-gradient":""},"mobile":{"background-color":"","background-image":"","background-repeat":"repeat","background-position":"center center","background-size":"auto","background-attachment":"scroll","background-type":"","background-media":"","overlay-type":"","overlay-color":"","overlay-opacity":"","overlay-gradient":""}},"ast-content-background-meta":{"desktop":{"background-color":"var(--ast-global-color-5)","background-image":"","background-repeat":"repeat","background-position":"center center","background-size":"auto","background-attachment":"scroll","background-type":"","background-media":"","overlay-type":"","overlay-color":"","overlay-opacity":"","overlay-gradient":""},"tablet":{"background-color":"var(--ast-global-color-5)","background-image":"","background-repeat":"repeat","background-position":"center center","background-size":"auto","background-attachment":"scroll","background-type":"","background-media":"","overlay-type":"","overlay-color":"","overlay-opacity":"","overlay-gradient":""},"mobile":{"background-color":"var(--ast-global-color-5)","background-image":"","background-repeat":"repeat","background-position":"center center","background-size":"auto","background-attachment":"scroll","background-type":"","background-media":"","overlay-type":"","overlay-color":"","overlay-opacity":"","overlay-gradient":""}},"ngg_post_thumbnail":0,"footnotes":""},"categories":[12],"tags":[33,34],"class_list":["post-15081","post","type-post","status-publish","format-standard","has-post-thumbnail","hentry","category-communique-de-presse","tag-36egalagutenberg","tag-galagutenberg2018"],"yoast_head":"<!-- This site is optimized with the Yoast SEO plugin v27.4 - https:\/\/yoast.com\/product\/yoast-seo-wordpress\/ -->\n<title>Les Gutenberg ont c\u00e9l\u00e9br\u00e9 36 ans d&#039;excellence de l&#039;imprim\u00e9! - Gala Gutenberg<\/title>\n<meta name=\"robots\" content=\"index, follow, max-snippet:-1, max-image-preview:large, max-video-preview:-1\" \/>\n<link rel=\"canonical\" href=\"https:\/\/galagutenberg.ca\/en\/2018\/06\/04\/les-gutenberg-ont-celebre-36-ans-dexcellence-de-limprime\/\" \/>\n<meta property=\"og:locale\" content=\"en_US\" \/>\n<meta property=\"og:type\" content=\"article\" \/>\n<meta property=\"og:title\" content=\"Les Gutenberg ont c\u00e9l\u00e9br\u00e9 36 ans d&#039;excellence de l&#039;imprim\u00e9! - Gala Gutenberg\" \/>\n<meta property=\"og:description\" content=\"Jeudi soir dernier, avait lieu \u00e0 la Salle de Bal du March\u00e9 Bonsecours \u00e0 Montr\u00e9al, le 36e Gala Gutenberg. Plus de 430 adeptes y ont c\u00e9l\u00e9br\u00e9 l&rsquo;excellence de l&rsquo;imprim\u00e9. Le Gala Gutenberg s&rsquo;av\u00e8re l&rsquo;\u00e9v\u00e8nement par excellence de l&rsquo;industrie de l&rsquo;imprim\u00e9. Il souligne le talent, la cr\u00e9ativit\u00e9 et le savoir-faire de ses artisans. \u00ab Je suis [&hellip;]\" \/>\n<meta property=\"og:url\" content=\"https:\/\/galagutenberg.ca\/en\/2018\/06\/04\/les-gutenberg-ont-celebre-36-ans-dexcellence-de-limprime\/\" \/>\n<meta property=\"og:site_name\" content=\"Gala Gutenberg\" \/>\n<meta property=\"article:published_time\" content=\"2018-06-04T14:00:00+00:00\" \/>\n<meta property=\"article:modified_time\" content=\"2024-09-11T21:07:37+00:00\" \/>\n<meta property=\"og:image\" content=\"https:\/\/galagutenberg.ca\/wp-content\/uploads\/2024\/09\/Gala-Gutenberg-2018.jpg\" \/>\n\t<meta property=\"og:image:width\" content=\"1024\" \/>\n\t<meta property=\"og:image:height\" content=\"683\" \/>\n\t<meta property=\"og:image:type\" content=\"image\/jpeg\" \/>\n<meta name=\"author\" content=\"Charlotte Gaudreault\" \/>\n<meta name=\"twitter:card\" content=\"summary_large_image\" \/>\n<meta name=\"twitter:label1\" content=\"Written by\" \/>\n\t<meta name=\"twitter:data1\" content=\"Charlotte Gaudreault\" \/>\n\t<meta name=\"twitter:label2\" content=\"Est. reading time\" \/>\n\t<meta name=\"twitter:data2\" content=\"5 minutes\" \/>\n<script type=\"application\/ld+json\" class=\"yoast-schema-graph\">{\"@context\":\"https:\\\/\\\/schema.org\",\"@graph\":[{\"@type\":\"Article\",\"@id\":\"https:\\\/\\\/galagutenberg.ca\\\/2018\\\/06\\\/04\\\/les-gutenberg-ont-celebre-36-ans-dexcellence-de-limprime\\\/#article\",\"isPartOf\":{\"@id\":\"https:\\\/\\\/galagutenberg.ca\\\/2018\\\/06\\\/04\\\/les-gutenberg-ont-celebre-36-ans-dexcellence-de-limprime\\\/\"},\"author\":{\"name\":\"Charlotte Gaudreault\",\"@id\":\"https:\\\/\\\/galagutenberg.ca\\\/#\\\/schema\\\/person\\\/19a222a2a1288fe24025fde467360a9e\"},\"headline\":\"Les Gutenberg ont c\u00e9l\u00e9br\u00e9 36 ans d&rsquo;excellence de l&rsquo;imprim\u00e9!\",\"datePublished\":\"2018-06-04T14:00:00+00:00\",\"dateModified\":\"2024-09-11T21:07:37+00:00\",\"mainEntityOfPage\":{\"@id\":\"https:\\\/\\\/galagutenberg.ca\\\/2018\\\/06\\\/04\\\/les-gutenberg-ont-celebre-36-ans-dexcellence-de-limprime\\\/\"},\"wordCount\":1048,\"image\":{\"@id\":\"https:\\\/\\\/galagutenberg.ca\\\/2018\\\/06\\\/04\\\/les-gutenberg-ont-celebre-36-ans-dexcellence-de-limprime\\\/#primaryimage\"},\"thumbnailUrl\":\"https:\\\/\\\/galagutenberg.ca\\\/wp-content\\\/uploads\\\/2024\\\/09\\\/Gala-Gutenberg-2018.jpg\",\"keywords\":[\"36eGalaGutenberg\",\"GalaGutenberg2018\"],\"articleSection\":[\"Communiqu\u00e9 de presse\"],\"inLanguage\":\"en-CA\"},{\"@type\":\"WebPage\",\"@id\":\"https:\\\/\\\/galagutenberg.ca\\\/2018\\\/06\\\/04\\\/les-gutenberg-ont-celebre-36-ans-dexcellence-de-limprime\\\/\",\"url\":\"https:\\\/\\\/galagutenberg.ca\\\/2018\\\/06\\\/04\\\/les-gutenberg-ont-celebre-36-ans-dexcellence-de-limprime\\\/\",\"name\":\"Les Gutenberg ont c\u00e9l\u00e9br\u00e9 36 ans d'excellence de l'imprim\u00e9! - Gala Gutenberg\",\"isPartOf\":{\"@id\":\"https:\\\/\\\/galagutenberg.ca\\\/#website\"},\"primaryImageOfPage\":{\"@id\":\"https:\\\/\\\/galagutenberg.ca\\\/2018\\\/06\\\/04\\\/les-gutenberg-ont-celebre-36-ans-dexcellence-de-limprime\\\/#primaryimage\"},\"image\":{\"@id\":\"https:\\\/\\\/galagutenberg.ca\\\/2018\\\/06\\\/04\\\/les-gutenberg-ont-celebre-36-ans-dexcellence-de-limprime\\\/#primaryimage\"},\"thumbnailUrl\":\"https:\\\/\\\/galagutenberg.ca\\\/wp-content\\\/uploads\\\/2024\\\/09\\\/Gala-Gutenberg-2018.jpg\",\"datePublished\":\"2018-06-04T14:00:00+00:00\",\"dateModified\":\"2024-09-11T21:07:37+00:00\",\"author\":{\"@id\":\"https:\\\/\\\/galagutenberg.ca\\\/#\\\/schema\\\/person\\\/19a222a2a1288fe24025fde467360a9e\"},\"breadcrumb\":{\"@id\":\"https:\\\/\\\/galagutenberg.ca\\\/2018\\\/06\\\/04\\\/les-gutenberg-ont-celebre-36-ans-dexcellence-de-limprime\\\/#breadcrumb\"},\"inLanguage\":\"en-CA\",\"potentialAction\":[{\"@type\":\"ReadAction\",\"target\":[\"https:\\\/\\\/galagutenberg.ca\\\/2018\\\/06\\\/04\\\/les-gutenberg-ont-celebre-36-ans-dexcellence-de-limprime\\\/\"]}]},{\"@type\":\"ImageObject\",\"inLanguage\":\"en-CA\",\"@id\":\"https:\\\/\\\/galagutenberg.ca\\\/2018\\\/06\\\/04\\\/les-gutenberg-ont-celebre-36-ans-dexcellence-de-limprime\\\/#primaryimage\",\"url\":\"https:\\\/\\\/galagutenberg.ca\\\/wp-content\\\/uploads\\\/2024\\\/09\\\/Gala-Gutenberg-2018.jpg\",\"contentUrl\":\"https:\\\/\\\/galagutenberg.ca\\\/wp-content\\\/uploads\\\/2024\\\/09\\\/Gala-Gutenberg-2018.jpg\",\"width\":1024,\"height\":683,\"caption\":\"Plus de 430 adeptes ont c\u00e9l\u00e9br\u00e9 l'excellence de l'imprim\u00e9 lors du 36e Gala Gutenberg, le 31 mai 2018.\"},{\"@type\":\"BreadcrumbList\",\"@id\":\"https:\\\/\\\/galagutenberg.ca\\\/2018\\\/06\\\/04\\\/les-gutenberg-ont-celebre-36-ans-dexcellence-de-limprime\\\/#breadcrumb\",\"itemListElement\":[{\"@type\":\"ListItem\",\"position\":1,\"name\":\"Accueil\",\"item\":\"https:\\\/\\\/galagutenberg.ca\\\/\"},{\"@type\":\"ListItem\",\"position\":2,\"name\":\"Les Gutenberg ont c\u00e9l\u00e9br\u00e9 36 ans d&rsquo;excellence de l&rsquo;imprim\u00e9!\"}]},{\"@type\":\"WebSite\",\"@id\":\"https:\\\/\\\/galagutenberg.ca\\\/#website\",\"url\":\"https:\\\/\\\/galagutenberg.ca\\\/\",\"name\":\"Gala Gutenberg\",\"description\":\"\",\"potentialAction\":[{\"@type\":\"SearchAction\",\"target\":{\"@type\":\"EntryPoint\",\"urlTemplate\":\"https:\\\/\\\/galagutenberg.ca\\\/?s={search_term_string}\"},\"query-input\":{\"@type\":\"PropertyValueSpecification\",\"valueRequired\":true,\"valueName\":\"search_term_string\"}}],\"inLanguage\":\"en-CA\"},{\"@type\":\"Person\",\"@id\":\"https:\\\/\\\/galagutenberg.ca\\\/#\\\/schema\\\/person\\\/19a222a2a1288fe24025fde467360a9e\",\"name\":\"Charlotte Gaudreault\",\"image\":{\"@type\":\"ImageObject\",\"inLanguage\":\"en-CA\",\"@id\":\"https:\\\/\\\/secure.gravatar.com\\\/avatar\\\/207c70368c83b4e40faf8bee73dfc44ca9aee4ec686b2c2c552d357dfc97f720?s=96&d=mm&r=g\",\"url\":\"https:\\\/\\\/secure.gravatar.com\\\/avatar\\\/207c70368c83b4e40faf8bee73dfc44ca9aee4ec686b2c2c552d357dfc97f720?s=96&d=mm&r=g\",\"contentUrl\":\"https:\\\/\\\/secure.gravatar.com\\\/avatar\\\/207c70368c83b4e40faf8bee73dfc44ca9aee4ec686b2c2c552d357dfc97f720?s=96&d=mm&r=g\",\"caption\":\"Charlotte Gaudreault\"}}]}<\/script>\n<!-- \/ Yoast SEO plugin. -->","yoast_head_json":{"title":"Les Gutenberg ont c\u00e9l\u00e9br\u00e9 36 ans d'excellence de l'imprim\u00e9! - Gala Gutenberg","robots":{"index":"index","follow":"follow","max-snippet":"max-snippet:-1","max-image-preview":"max-image-preview:large","max-video-preview":"max-video-preview:-1"},"canonical":"https:\/\/galagutenberg.ca\/en\/2018\/06\/04\/les-gutenberg-ont-celebre-36-ans-dexcellence-de-limprime\/","og_locale":"en_US","og_type":"article","og_title":"Les Gutenberg ont c\u00e9l\u00e9br\u00e9 36 ans d'excellence de l'imprim\u00e9! - Gala Gutenberg","og_description":"Jeudi soir dernier, avait lieu \u00e0 la Salle de Bal du March\u00e9 Bonsecours \u00e0 Montr\u00e9al, le 36e Gala Gutenberg. Plus de 430 adeptes y ont c\u00e9l\u00e9br\u00e9 l&rsquo;excellence de l&rsquo;imprim\u00e9. Le Gala Gutenberg s&rsquo;av\u00e8re l&rsquo;\u00e9v\u00e8nement par excellence de l&rsquo;industrie de l&rsquo;imprim\u00e9. Il souligne le talent, la cr\u00e9ativit\u00e9 et le savoir-faire de ses artisans. \u00ab Je suis [&hellip;]","og_url":"https:\/\/galagutenberg.ca\/en\/2018\/06\/04\/les-gutenberg-ont-celebre-36-ans-dexcellence-de-limprime\/","og_site_name":"Gala Gutenberg","article_published_time":"2018-06-04T14:00:00+00:00","article_modified_time":"2024-09-11T21:07:37+00:00","og_image":[{"width":1024,"height":683,"url":"https:\/\/galagutenberg.ca\/wp-content\/uploads\/2024\/09\/Gala-Gutenberg-2018.jpg","type":"image\/jpeg"}],"author":"Charlotte Gaudreault","twitter_card":"summary_large_image","twitter_misc":{"Written by":"Charlotte Gaudreault","Est. reading time":"5 minutes"},"schema":{"@context":"https:\/\/schema.org","@graph":[{"@type":"Article","@id":"https:\/\/galagutenberg.ca\/2018\/06\/04\/les-gutenberg-ont-celebre-36-ans-dexcellence-de-limprime\/#article","isPartOf":{"@id":"https:\/\/galagutenberg.ca\/2018\/06\/04\/les-gutenberg-ont-celebre-36-ans-dexcellence-de-limprime\/"},"author":{"name":"Charlotte Gaudreault","@id":"https:\/\/galagutenberg.ca\/#\/schema\/person\/19a222a2a1288fe24025fde467360a9e"},"headline":"Les Gutenberg ont c\u00e9l\u00e9br\u00e9 36 ans d&rsquo;excellence de l&rsquo;imprim\u00e9!","datePublished":"2018-06-04T14:00:00+00:00","dateModified":"2024-09-11T21:07:37+00:00","mainEntityOfPage":{"@id":"https:\/\/galagutenberg.ca\/2018\/06\/04\/les-gutenberg-ont-celebre-36-ans-dexcellence-de-limprime\/"},"wordCount":1048,"image":{"@id":"https:\/\/galagutenberg.ca\/2018\/06\/04\/les-gutenberg-ont-celebre-36-ans-dexcellence-de-limprime\/#primaryimage"},"thumbnailUrl":"https:\/\/galagutenberg.ca\/wp-content\/uploads\/2024\/09\/Gala-Gutenberg-2018.jpg","keywords":["36eGalaGutenberg","GalaGutenberg2018"],"articleSection":["Communiqu\u00e9 de presse"],"inLanguage":"en-CA"},{"@type":"WebPage","@id":"https:\/\/galagutenberg.ca\/2018\/06\/04\/les-gutenberg-ont-celebre-36-ans-dexcellence-de-limprime\/","url":"https:\/\/galagutenberg.ca\/2018\/06\/04\/les-gutenberg-ont-celebre-36-ans-dexcellence-de-limprime\/","name":"Les Gutenberg ont c\u00e9l\u00e9br\u00e9 36 ans d'excellence de l'imprim\u00e9! - Gala Gutenberg","isPartOf":{"@id":"https:\/\/galagutenberg.ca\/#website"},"primaryImageOfPage":{"@id":"https:\/\/galagutenberg.ca\/2018\/06\/04\/les-gutenberg-ont-celebre-36-ans-dexcellence-de-limprime\/#primaryimage"},"image":{"@id":"https:\/\/galagutenberg.ca\/2018\/06\/04\/les-gutenberg-ont-celebre-36-ans-dexcellence-de-limprime\/#primaryimage"},"thumbnailUrl":"https:\/\/galagutenberg.ca\/wp-content\/uploads\/2024\/09\/Gala-Gutenberg-2018.jpg","datePublished":"2018-06-04T14:00:00+00:00","dateModified":"2024-09-11T21:07:37+00:00","author":{"@id":"https:\/\/galagutenberg.ca\/#\/schema\/person\/19a222a2a1288fe24025fde467360a9e"},"breadcrumb":{"@id":"https:\/\/galagutenberg.ca\/2018\/06\/04\/les-gutenberg-ont-celebre-36-ans-dexcellence-de-limprime\/#breadcrumb"},"inLanguage":"en-CA","potentialAction":[{"@type":"ReadAction","target":["https:\/\/galagutenberg.ca\/2018\/06\/04\/les-gutenberg-ont-celebre-36-ans-dexcellence-de-limprime\/"]}]},{"@type":"ImageObject","inLanguage":"en-CA","@id":"https:\/\/galagutenberg.ca\/2018\/06\/04\/les-gutenberg-ont-celebre-36-ans-dexcellence-de-limprime\/#primaryimage","url":"https:\/\/galagutenberg.ca\/wp-content\/uploads\/2024\/09\/Gala-Gutenberg-2018.jpg","contentUrl":"https:\/\/galagutenberg.ca\/wp-content\/uploads\/2024\/09\/Gala-Gutenberg-2018.jpg","width":1024,"height":683,"caption":"Plus de 430 adeptes ont c\u00e9l\u00e9br\u00e9 l'excellence de l'imprim\u00e9 lors du 36e Gala Gutenberg, le 31 mai 2018."},{"@type":"BreadcrumbList","@id":"https:\/\/galagutenberg.ca\/2018\/06\/04\/les-gutenberg-ont-celebre-36-ans-dexcellence-de-limprime\/#breadcrumb","itemListElement":[{"@type":"ListItem","position":1,"name":"Accueil","item":"https:\/\/galagutenberg.ca\/"},{"@type":"ListItem","position":2,"name":"Les Gutenberg ont c\u00e9l\u00e9br\u00e9 36 ans d&rsquo;excellence de l&rsquo;imprim\u00e9!"}]},{"@type":"WebSite","@id":"https:\/\/galagutenberg.ca\/#website","url":"https:\/\/galagutenberg.ca\/","name":"Gala Gutenberg","description":"","potentialAction":[{"@type":"SearchAction","target":{"@type":"EntryPoint","urlTemplate":"https:\/\/galagutenberg.ca\/?s={search_term_string}"},"query-input":{"@type":"PropertyValueSpecification","valueRequired":true,"valueName":"search_term_string"}}],"inLanguage":"en-CA"},{"@type":"Person","@id":"https:\/\/galagutenberg.ca\/#\/schema\/person\/19a222a2a1288fe24025fde467360a9e","name":"Charlotte Gaudreault","image":{"@type":"ImageObject","inLanguage":"en-CA","@id":"https:\/\/secure.gravatar.com\/avatar\/207c70368c83b4e40faf8bee73dfc44ca9aee4ec686b2c2c552d357dfc97f720?s=96&d=mm&r=g","url":"https:\/\/secure.gravatar.com\/avatar\/207c70368c83b4e40faf8bee73dfc44ca9aee4ec686b2c2c552d357dfc97f720?s=96&d=mm&r=g","contentUrl":"https:\/\/secure.gravatar.com\/avatar\/207c70368c83b4e40faf8bee73dfc44ca9aee4ec686b2c2c552d357dfc97f720?s=96&d=mm&r=g","caption":"Charlotte Gaudreault"}}]}},"_links":{"self":[{"href":"https:\/\/galagutenberg.ca\/en\/wp-json\/wp\/v2\/posts\/15081","targetHints":{"allow":["GET"]}}],"collection":[{"href":"https:\/\/galagutenberg.ca\/en\/wp-json\/wp\/v2\/posts"}],"about":[{"href":"https:\/\/galagutenberg.ca\/en\/wp-json\/wp\/v2\/types\/post"}],"author":[{"embeddable":true,"href":"https:\/\/galagutenberg.ca\/en\/wp-json\/wp\/v2\/users\/7"}],"replies":[{"embeddable":true,"href":"https:\/\/galagutenberg.ca\/en\/wp-json\/wp\/v2\/comments?post=15081"}],"version-history":[{"count":2,"href":"https:\/\/galagutenberg.ca\/en\/wp-json\/wp\/v2\/posts\/15081\/revisions"}],"predecessor-version":[{"id":15116,"href":"https:\/\/galagutenberg.ca\/en\/wp-json\/wp\/v2\/posts\/15081\/revisions\/15116"}],"wp:featuredmedia":[{"embeddable":true,"href":"https:\/\/galagutenberg.ca\/en\/wp-json\/wp\/v2\/media\/15085"}],"wp:attachment":[{"href":"https:\/\/galagutenberg.ca\/en\/wp-json\/wp\/v2\/media?parent=15081"}],"wp:term":[{"taxonomy":"category","embeddable":true,"href":"https:\/\/galagutenberg.ca\/en\/wp-json\/wp\/v2\/categories?post=15081"},{"taxonomy":"post_tag","embeddable":true,"href":"https:\/\/galagutenberg.ca\/en\/wp-json\/wp\/v2\/tags?post=15081"}],"curies":[{"name":"wp","href":"https:\/\/api.w.org\/{rel}","templated":true}]}}