{"id":15127,"date":"2018-06-19T10:00:00","date_gmt":"2018-06-19T14:00:00","guid":{"rendered":"https:\/\/galagutenberg.ca\/?p=15127"},"modified":"2024-09-12T17:26:08","modified_gmt":"2024-09-12T21:26:08","slug":"le-comite-du-gutenberg-est-heureux-dannoncer-la-nomination-de-gilles-blais-et-de-laureanne-houde-blais-aux-postes-de-co-presidents-du-gutenberg-2019","status":"publish","type":"post","link":"https:\/\/galagutenberg.ca\/en\/2018\/06\/19\/le-comite-du-gutenberg-est-heureux-dannoncer-la-nomination-de-gilles-blais-et-de-laureanne-houde-blais-aux-postes-de-co-presidents-du-gutenberg-2019\/","title":{"rendered":"The Gutenberg Committee is pleased to announce the nomination of Gilles Blais and Laur\u00e9anne Houde-Blais as Co-Presidents of the Gutenberg 2019"},"content":{"rendered":"<p class=\"translation-block\">\u201cA few weeks after the 36th Gala, it is with pride that I hand over the torch to Gilles Blais, President of Groupe Pr\u00e9cigrafik, as well as to Laur\u00e9anne Houde-Blais, Strategy Director at Groupe Pr\u00e9cigrafik,\u201d announces with pleasure Yvon Sauvageau, Multi-Reliure and President of the Gutenberg 2018.<\/p>\n\n\n\n<p class=\"translation-block\">\u201cGilles successfully leads a dynamic company celebrating its 30th anniversary this year in Sherbrooke. It's a milestone he's marking with major investments in growth projects. This is exactly what the Gutenberg values. Successes that are generated by innovation and the surpassing of existing teams,\u201d emphasizes Mr. Sauvageau.<\/p>\n\n\n\n<p>\u201cWe're also achieving a first with a co-presidency that clearly demonstrates that the next generation is taking its place in the industry. Laur\u00e9anne Houde-Blais will be co-chairing the Gutenberg Committee, in addition to contributing her energy and capacity for innovation to the success of our event. I wanted the next Gala to continue its momentum, and having Laur\u00e9anne and Gilles on board exceeds my expectations. The Gutenberg never ceases to impress me,\u201d he adds.<\/p>\n\n\n\n<p>\u201cDriven by our passion for our industry, we enthusiastically agreed to join the dynamic Gutenberg team. This competition honors the strength of our medium and helps nurture the creativity and daring shown by Quebec printers. The desire to do great things is fostered by sharing experiences and new ideas. We therefore invite all industry players to submit projects of which printers are particularly proud. At the end of this contest, at the Gala, we'll be celebrating an industry that outdoes itself!\u201d adds Gilles Blais enthusiastically.<\/p>\n\n\n\n<p>\u201cThe desire to do great things is also intergenerational. Beyond the pride of perpetuating innovation and communicating the impact of our medium to future generations, it's a real privilege to evolve in a pool of up-and-comers determined to push the boundaries of print. It is with great passion that I will be the voice of our vibrant industry's new generation at its annual celebration!<\/p>\n\n\n\n<p class=\"translation-block\">\u201cThe Gutenberg is back on the map. Thanks to the exceptional collaboration of our sponsors, our print production partners and the enthusiasm of our participants, the Organizing Committee, which has worked hard for the past seven years, is ready to celebrate the 37th Gutenberg!\u201d concludes Mr. Sauvageau.<\/p>\n\n\n\n<p><strong>The Gutenberg<\/strong><\/p>\n\n\n\n<p>The Contest is open to all players in the print industry throughout Quebec. From the smallest to the largest player, the challenges are real for everyone, regardless of geographic location or company size.<\/p>\n\n\n\n<p>Packaging, flexography, large format, offset, digital, cutting, lamination, finishing, binding, ennobling of all kinds, regardless of your field of expertise, participate and be proud of your creations.<\/p>\n\n\n\n<p>Do not hesitate to contact the Committee; your comments and ideas are most welcome.<\/p>\n\n\n\n<p class=\"translation-block\"><strong>Results of the 2018 Contest in pictures and videos at <a href=\"https:\/\/galagutenberg.ca\/en\/gala-2018\/\" target=\"_self\">www.galagutenberg.ca\/en\/gala-2018<\/a><\/strong><\/p>\n\n\n\n<p>-30-<\/p>\n\n\n\n<p><strong>Information:<\/strong><br>H\u00e9l\u00e8ne Pageau<br>Member of the Gutenberg Committee 2013-2019<br>helene.pageau@i-ci.ca<\/p>","protected":false},"excerpt":{"rendered":"<p>\u00ab Quelques semaines apr\u00e8s le 36e Gala, c&rsquo;est avec fiert\u00e9 que je remets le flambeau \u00e0 Gilles Blais, Pr\u00e9sident du Groupe Pr\u00e9cigrafik ainsi qu&rsquo;\u00e0 Laur\u00e9anne Houde-Blais, Directrice strat\u00e9gie chez Groupe Pr\u00e9cigrafik \u00bb, annonce avec plaisir Yvon Sauvageau, Multi-Reliure et Pr\u00e9sident du Gutenberg 2018. \u00ab Gilles dirige avec succ\u00e8s une entreprise dynamique qui c\u00e9l\u00e8bre son 30e [&hellip;]<\/p>\n","protected":false},"author":7,"featured_media":15129,"comment_status":"closed","ping_status":"closed","sticky":false,"template":"","format":"standard","meta":{"site-sidebar-layout":"default","site-content-layout":"","ast-site-content-layout":"default","site-content-style":"default","site-sidebar-style":"default","ast-global-header-display":"","ast-banner-title-visibility":"","ast-main-header-display":"","ast-hfb-above-header-display":"","ast-hfb-below-header-display":"","ast-hfb-mobile-header-display":"","site-post-title":"","ast-breadcrumbs-content":"","ast-featured-img":"","footer-sml-layout":"","ast-disable-related-posts":"","theme-transparent-header-meta":"","adv-header-id-meta":"","stick-header-meta":"","header-above-stick-meta":"","header-main-stick-meta":"","header-below-stick-meta":"","astra-migrate-meta-layouts":"set","ast-page-background-enabled":"default","ast-page-background-meta":{"desktop":{"background-color":"","background-image":"","background-repeat":"repeat","background-position":"center center","background-size":"auto","background-attachment":"scroll","background-type":"","background-media":"","overlay-type":"","overlay-color":"","overlay-opacity":"","overlay-gradient":""},"tablet":{"background-color":"","background-image":"","background-repeat":"repeat","background-position":"center center","background-size":"auto","background-attachment":"scroll","background-type":"","background-media":"","overlay-type":"","overlay-color":"","overlay-opacity":"","overlay-gradient":""},"mobile":{"background-color":"","background-image":"","background-repeat":"repeat","background-position":"center center","background-size":"auto","background-attachment":"scroll","background-type":"","background-media":"","overlay-type":"","overlay-color":"","overlay-opacity":"","overlay-gradient":""}},"ast-content-background-meta":{"desktop":{"background-color":"var(--ast-global-color-5)","background-image":"","background-repeat":"repeat","background-position":"center center","background-size":"auto","background-attachment":"scroll","background-type":"","background-media":"","overlay-type":"","overlay-color":"","overlay-opacity":"","overlay-gradient":""},"tablet":{"background-color":"var(--ast-global-color-5)","background-image":"","background-repeat":"repeat","background-position":"center center","background-size":"auto","background-attachment":"scroll","background-type":"","background-media":"","overlay-type":"","overlay-color":"","overlay-opacity":"","overlay-gradient":""},"mobile":{"background-color":"var(--ast-global-color-5)","background-image":"","background-repeat":"repeat","background-position":"center center","background-size":"auto","background-attachment":"scroll","background-type":"","background-media":"","overlay-type":"","overlay-color":"","overlay-opacity":"","overlay-gradient":""}},"ngg_post_thumbnail":0,"footnotes":""},"categories":[12],"tags":[31,32],"class_list":["post-15127","post","type-post","status-publish","format-standard","has-post-thumbnail","hentry","category-communique-de-presse","tag-37egalagutenberg","tag-galagutenberg2019"],"yoast_head":"<!-- This site is optimized with the Yoast SEO plugin v27.4 - https:\/\/yoast.com\/product\/yoast-seo-wordpress\/ -->\n<title>Le Comit\u00e9 du Gutenberg est heureux d&#039;annoncer la nomination de Gilles Blais et de Laur\u00e9anne Houde-Blais aux postes de Co-Pr\u00e9sidents du Gutenberg 2019 - Gala Gutenberg<\/title>\n<meta name=\"robots\" content=\"index, follow, max-snippet:-1, max-image-preview:large, max-video-preview:-1\" \/>\n<link rel=\"canonical\" href=\"https:\/\/galagutenberg.ca\/en\/2018\/06\/19\/le-comite-du-gutenberg-est-heureux-dannoncer-la-nomination-de-gilles-blais-et-de-laureanne-houde-blais-aux-postes-de-co-presidents-du-gutenberg-2019\/\" \/>\n<meta property=\"og:locale\" content=\"en_US\" \/>\n<meta property=\"og:type\" content=\"article\" \/>\n<meta property=\"og:title\" content=\"Le Comit\u00e9 du Gutenberg est heureux d&#039;annoncer la nomination de Gilles Blais et de Laur\u00e9anne Houde-Blais aux postes de Co-Pr\u00e9sidents du Gutenberg 2019 - Gala Gutenberg\" \/>\n<meta property=\"og:description\" content=\"\u00ab Quelques semaines apr\u00e8s le 36e Gala, c&rsquo;est avec fiert\u00e9 que je remets le flambeau \u00e0 Gilles Blais, Pr\u00e9sident du Groupe Pr\u00e9cigrafik ainsi qu&rsquo;\u00e0 Laur\u00e9anne Houde-Blais, Directrice strat\u00e9gie chez Groupe Pr\u00e9cigrafik \u00bb, annonce avec plaisir Yvon Sauvageau, Multi-Reliure et Pr\u00e9sident du Gutenberg 2018. \u00ab Gilles dirige avec succ\u00e8s une entreprise dynamique qui c\u00e9l\u00e8bre son 30e [&hellip;]\" \/>\n<meta property=\"og:url\" content=\"https:\/\/galagutenberg.ca\/en\/2018\/06\/19\/le-comite-du-gutenberg-est-heureux-dannoncer-la-nomination-de-gilles-blais-et-de-laureanne-houde-blais-aux-postes-de-co-presidents-du-gutenberg-2019\/\" \/>\n<meta property=\"og:site_name\" content=\"Gala Gutenberg\" \/>\n<meta property=\"article:published_time\" content=\"2018-06-19T14:00:00+00:00\" \/>\n<meta property=\"article:modified_time\" content=\"2024-09-12T21:26:08+00:00\" \/>\n<meta property=\"og:image\" content=\"https:\/\/galagutenberg.ca\/wp-content\/uploads\/2018\/06\/Co-Presidents-Gutenberg-2019.jpg\" \/>\n\t<meta property=\"og:image:width\" content=\"262\" \/>\n\t<meta property=\"og:image:height\" content=\"218\" \/>\n\t<meta property=\"og:image:type\" content=\"image\/jpeg\" \/>\n<meta name=\"author\" content=\"Charlotte Gaudreault\" \/>\n<meta name=\"twitter:card\" content=\"summary_large_image\" \/>\n<meta name=\"twitter:label1\" content=\"Written by\" \/>\n\t<meta name=\"twitter:data1\" content=\"Charlotte Gaudreault\" \/>\n\t<meta name=\"twitter:label2\" content=\"Est. reading time\" \/>\n\t<meta name=\"twitter:data2\" content=\"3 minutes\" \/>\n<script type=\"application\/ld+json\" class=\"yoast-schema-graph\">{\"@context\":\"https:\\\/\\\/schema.org\",\"@graph\":[{\"@type\":\"Article\",\"@id\":\"https:\\\/\\\/galagutenberg.ca\\\/2018\\\/06\\\/19\\\/le-comite-du-gutenberg-est-heureux-dannoncer-la-nomination-de-gilles-blais-et-de-laureanne-houde-blais-aux-postes-de-co-presidents-du-gutenberg-2019\\\/#article\",\"isPartOf\":{\"@id\":\"https:\\\/\\\/galagutenberg.ca\\\/2018\\\/06\\\/19\\\/le-comite-du-gutenberg-est-heureux-dannoncer-la-nomination-de-gilles-blais-et-de-laureanne-houde-blais-aux-postes-de-co-presidents-du-gutenberg-2019\\\/\"},\"author\":{\"name\":\"Charlotte Gaudreault\",\"@id\":\"https:\\\/\\\/galagutenberg.ca\\\/#\\\/schema\\\/person\\\/19a222a2a1288fe24025fde467360a9e\"},\"headline\":\"Le Comit\u00e9 du Gutenberg est heureux d&rsquo;annoncer la nomination de Gilles Blais et de Laur\u00e9anne Houde-Blais aux postes de Co-Pr\u00e9sidents du Gutenberg 2019\",\"datePublished\":\"2018-06-19T14:00:00+00:00\",\"dateModified\":\"2024-09-12T21:26:08+00:00\",\"mainEntityOfPage\":{\"@id\":\"https:\\\/\\\/galagutenberg.ca\\\/2018\\\/06\\\/19\\\/le-comite-du-gutenberg-est-heureux-dannoncer-la-nomination-de-gilles-blais-et-de-laureanne-houde-blais-aux-postes-de-co-presidents-du-gutenberg-2019\\\/\"},\"wordCount\":600,\"image\":{\"@id\":\"https:\\\/\\\/galagutenberg.ca\\\/2018\\\/06\\\/19\\\/le-comite-du-gutenberg-est-heureux-dannoncer-la-nomination-de-gilles-blais-et-de-laureanne-houde-blais-aux-postes-de-co-presidents-du-gutenberg-2019\\\/#primaryimage\"},\"thumbnailUrl\":\"https:\\\/\\\/galagutenberg.ca\\\/wp-content\\\/uploads\\\/2018\\\/06\\\/Co-Presidents-Gutenberg-2019.jpg\",\"keywords\":[\"37eGalaGutenberg\",\"GalaGutenberg2019\"],\"articleSection\":[\"Communiqu\u00e9 de presse\"],\"inLanguage\":\"en-CA\"},{\"@type\":\"WebPage\",\"@id\":\"https:\\\/\\\/galagutenberg.ca\\\/2018\\\/06\\\/19\\\/le-comite-du-gutenberg-est-heureux-dannoncer-la-nomination-de-gilles-blais-et-de-laureanne-houde-blais-aux-postes-de-co-presidents-du-gutenberg-2019\\\/\",\"url\":\"https:\\\/\\\/galagutenberg.ca\\\/2018\\\/06\\\/19\\\/le-comite-du-gutenberg-est-heureux-dannoncer-la-nomination-de-gilles-blais-et-de-laureanne-houde-blais-aux-postes-de-co-presidents-du-gutenberg-2019\\\/\",\"name\":\"Le Comit\u00e9 du Gutenberg est heureux d'annoncer la nomination de Gilles Blais et de Laur\u00e9anne Houde-Blais aux postes de Co-Pr\u00e9sidents du Gutenberg 2019 - Gala Gutenberg\",\"isPartOf\":{\"@id\":\"https:\\\/\\\/galagutenberg.ca\\\/#website\"},\"primaryImageOfPage\":{\"@id\":\"https:\\\/\\\/galagutenberg.ca\\\/2018\\\/06\\\/19\\\/le-comite-du-gutenberg-est-heureux-dannoncer-la-nomination-de-gilles-blais-et-de-laureanne-houde-blais-aux-postes-de-co-presidents-du-gutenberg-2019\\\/#primaryimage\"},\"image\":{\"@id\":\"https:\\\/\\\/galagutenberg.ca\\\/2018\\\/06\\\/19\\\/le-comite-du-gutenberg-est-heureux-dannoncer-la-nomination-de-gilles-blais-et-de-laureanne-houde-blais-aux-postes-de-co-presidents-du-gutenberg-2019\\\/#primaryimage\"},\"thumbnailUrl\":\"https:\\\/\\\/galagutenberg.ca\\\/wp-content\\\/uploads\\\/2018\\\/06\\\/Co-Presidents-Gutenberg-2019.jpg\",\"datePublished\":\"2018-06-19T14:00:00+00:00\",\"dateModified\":\"2024-09-12T21:26:08+00:00\",\"author\":{\"@id\":\"https:\\\/\\\/galagutenberg.ca\\\/#\\\/schema\\\/person\\\/19a222a2a1288fe24025fde467360a9e\"},\"breadcrumb\":{\"@id\":\"https:\\\/\\\/galagutenberg.ca\\\/2018\\\/06\\\/19\\\/le-comite-du-gutenberg-est-heureux-dannoncer-la-nomination-de-gilles-blais-et-de-laureanne-houde-blais-aux-postes-de-co-presidents-du-gutenberg-2019\\\/#breadcrumb\"},\"inLanguage\":\"en-CA\",\"potentialAction\":[{\"@type\":\"ReadAction\",\"target\":[\"https:\\\/\\\/galagutenberg.ca\\\/2018\\\/06\\\/19\\\/le-comite-du-gutenberg-est-heureux-dannoncer-la-nomination-de-gilles-blais-et-de-laureanne-houde-blais-aux-postes-de-co-presidents-du-gutenberg-2019\\\/\"]}]},{\"@type\":\"ImageObject\",\"inLanguage\":\"en-CA\",\"@id\":\"https:\\\/\\\/galagutenberg.ca\\\/2018\\\/06\\\/19\\\/le-comite-du-gutenberg-est-heureux-dannoncer-la-nomination-de-gilles-blais-et-de-laureanne-houde-blais-aux-postes-de-co-presidents-du-gutenberg-2019\\\/#primaryimage\",\"url\":\"https:\\\/\\\/galagutenberg.ca\\\/wp-content\\\/uploads\\\/2018\\\/06\\\/Co-Presidents-Gutenberg-2019.jpg\",\"contentUrl\":\"https:\\\/\\\/galagutenberg.ca\\\/wp-content\\\/uploads\\\/2018\\\/06\\\/Co-Presidents-Gutenberg-2019.jpg\",\"width\":262,\"height\":218,\"caption\":\"Laur\u00e9anne Houde-Blais et Gilles Blais, co-pr\u00e9sidents du Gutenberg 2019.\"},{\"@type\":\"BreadcrumbList\",\"@id\":\"https:\\\/\\\/galagutenberg.ca\\\/2018\\\/06\\\/19\\\/le-comite-du-gutenberg-est-heureux-dannoncer-la-nomination-de-gilles-blais-et-de-laureanne-houde-blais-aux-postes-de-co-presidents-du-gutenberg-2019\\\/#breadcrumb\",\"itemListElement\":[{\"@type\":\"ListItem\",\"position\":1,\"name\":\"Accueil\",\"item\":\"https:\\\/\\\/galagutenberg.ca\\\/\"},{\"@type\":\"ListItem\",\"position\":2,\"name\":\"Le Comit\u00e9 du Gutenberg est heureux d&rsquo;annoncer la nomination de Gilles Blais et de Laur\u00e9anne Houde-Blais aux postes de Co-Pr\u00e9sidents du Gutenberg 2019\"}]},{\"@type\":\"WebSite\",\"@id\":\"https:\\\/\\\/galagutenberg.ca\\\/#website\",\"url\":\"https:\\\/\\\/galagutenberg.ca\\\/\",\"name\":\"Gala Gutenberg\",\"description\":\"\",\"potentialAction\":[{\"@type\":\"SearchAction\",\"target\":{\"@type\":\"EntryPoint\",\"urlTemplate\":\"https:\\\/\\\/galagutenberg.ca\\\/?s={search_term_string}\"},\"query-input\":{\"@type\":\"PropertyValueSpecification\",\"valueRequired\":true,\"valueName\":\"search_term_string\"}}],\"inLanguage\":\"en-CA\"},{\"@type\":\"Person\",\"@id\":\"https:\\\/\\\/galagutenberg.ca\\\/#\\\/schema\\\/person\\\/19a222a2a1288fe24025fde467360a9e\",\"name\":\"Charlotte Gaudreault\",\"image\":{\"@type\":\"ImageObject\",\"inLanguage\":\"en-CA\",\"@id\":\"https:\\\/\\\/secure.gravatar.com\\\/avatar\\\/207c70368c83b4e40faf8bee73dfc44ca9aee4ec686b2c2c552d357dfc97f720?s=96&d=mm&r=g\",\"url\":\"https:\\\/\\\/secure.gravatar.com\\\/avatar\\\/207c70368c83b4e40faf8bee73dfc44ca9aee4ec686b2c2c552d357dfc97f720?s=96&d=mm&r=g\",\"contentUrl\":\"https:\\\/\\\/secure.gravatar.com\\\/avatar\\\/207c70368c83b4e40faf8bee73dfc44ca9aee4ec686b2c2c552d357dfc97f720?s=96&d=mm&r=g\",\"caption\":\"Charlotte Gaudreault\"}}]}<\/script>\n<!-- \/ Yoast SEO plugin. -->","yoast_head_json":{"title":"Le Comit\u00e9 du Gutenberg est heureux d'annoncer la nomination de Gilles Blais et de Laur\u00e9anne Houde-Blais aux postes de Co-Pr\u00e9sidents du Gutenberg 2019 - Gala Gutenberg","robots":{"index":"index","follow":"follow","max-snippet":"max-snippet:-1","max-image-preview":"max-image-preview:large","max-video-preview":"max-video-preview:-1"},"canonical":"https:\/\/galagutenberg.ca\/en\/2018\/06\/19\/le-comite-du-gutenberg-est-heureux-dannoncer-la-nomination-de-gilles-blais-et-de-laureanne-houde-blais-aux-postes-de-co-presidents-du-gutenberg-2019\/","og_locale":"en_US","og_type":"article","og_title":"Le Comit\u00e9 du Gutenberg est heureux d'annoncer la nomination de Gilles Blais et de Laur\u00e9anne Houde-Blais aux postes de Co-Pr\u00e9sidents du Gutenberg 2019 - Gala Gutenberg","og_description":"\u00ab Quelques semaines apr\u00e8s le 36e Gala, c&rsquo;est avec fiert\u00e9 que je remets le flambeau \u00e0 Gilles Blais, Pr\u00e9sident du Groupe Pr\u00e9cigrafik ainsi qu&rsquo;\u00e0 Laur\u00e9anne Houde-Blais, Directrice strat\u00e9gie chez Groupe Pr\u00e9cigrafik \u00bb, annonce avec plaisir Yvon Sauvageau, Multi-Reliure et Pr\u00e9sident du Gutenberg 2018. \u00ab Gilles dirige avec succ\u00e8s une entreprise dynamique qui c\u00e9l\u00e8bre son 30e [&hellip;]","og_url":"https:\/\/galagutenberg.ca\/en\/2018\/06\/19\/le-comite-du-gutenberg-est-heureux-dannoncer-la-nomination-de-gilles-blais-et-de-laureanne-houde-blais-aux-postes-de-co-presidents-du-gutenberg-2019\/","og_site_name":"Gala Gutenberg","article_published_time":"2018-06-19T14:00:00+00:00","article_modified_time":"2024-09-12T21:26:08+00:00","og_image":[{"width":262,"height":218,"url":"https:\/\/galagutenberg.ca\/wp-content\/uploads\/2018\/06\/Co-Presidents-Gutenberg-2019.jpg","type":"image\/jpeg"}],"author":"Charlotte Gaudreault","twitter_card":"summary_large_image","twitter_misc":{"Written by":"Charlotte Gaudreault","Est. reading time":"3 minutes"},"schema":{"@context":"https:\/\/schema.org","@graph":[{"@type":"Article","@id":"https:\/\/galagutenberg.ca\/2018\/06\/19\/le-comite-du-gutenberg-est-heureux-dannoncer-la-nomination-de-gilles-blais-et-de-laureanne-houde-blais-aux-postes-de-co-presidents-du-gutenberg-2019\/#article","isPartOf":{"@id":"https:\/\/galagutenberg.ca\/2018\/06\/19\/le-comite-du-gutenberg-est-heureux-dannoncer-la-nomination-de-gilles-blais-et-de-laureanne-houde-blais-aux-postes-de-co-presidents-du-gutenberg-2019\/"},"author":{"name":"Charlotte Gaudreault","@id":"https:\/\/galagutenberg.ca\/#\/schema\/person\/19a222a2a1288fe24025fde467360a9e"},"headline":"Le Comit\u00e9 du Gutenberg est heureux d&rsquo;annoncer la nomination de Gilles Blais et de Laur\u00e9anne Houde-Blais aux postes de Co-Pr\u00e9sidents du Gutenberg 2019","datePublished":"2018-06-19T14:00:00+00:00","dateModified":"2024-09-12T21:26:08+00:00","mainEntityOfPage":{"@id":"https:\/\/galagutenberg.ca\/2018\/06\/19\/le-comite-du-gutenberg-est-heureux-dannoncer-la-nomination-de-gilles-blais-et-de-laureanne-houde-blais-aux-postes-de-co-presidents-du-gutenberg-2019\/"},"wordCount":600,"image":{"@id":"https:\/\/galagutenberg.ca\/2018\/06\/19\/le-comite-du-gutenberg-est-heureux-dannoncer-la-nomination-de-gilles-blais-et-de-laureanne-houde-blais-aux-postes-de-co-presidents-du-gutenberg-2019\/#primaryimage"},"thumbnailUrl":"https:\/\/galagutenberg.ca\/wp-content\/uploads\/2018\/06\/Co-Presidents-Gutenberg-2019.jpg","keywords":["37eGalaGutenberg","GalaGutenberg2019"],"articleSection":["Communiqu\u00e9 de presse"],"inLanguage":"en-CA"},{"@type":"WebPage","@id":"https:\/\/galagutenberg.ca\/2018\/06\/19\/le-comite-du-gutenberg-est-heureux-dannoncer-la-nomination-de-gilles-blais-et-de-laureanne-houde-blais-aux-postes-de-co-presidents-du-gutenberg-2019\/","url":"https:\/\/galagutenberg.ca\/2018\/06\/19\/le-comite-du-gutenberg-est-heureux-dannoncer-la-nomination-de-gilles-blais-et-de-laureanne-houde-blais-aux-postes-de-co-presidents-du-gutenberg-2019\/","name":"Le Comit\u00e9 du Gutenberg est heureux d'annoncer la nomination de Gilles Blais et de Laur\u00e9anne Houde-Blais aux postes de Co-Pr\u00e9sidents du Gutenberg 2019 - Gala Gutenberg","isPartOf":{"@id":"https:\/\/galagutenberg.ca\/#website"},"primaryImageOfPage":{"@id":"https:\/\/galagutenberg.ca\/2018\/06\/19\/le-comite-du-gutenberg-est-heureux-dannoncer-la-nomination-de-gilles-blais-et-de-laureanne-houde-blais-aux-postes-de-co-presidents-du-gutenberg-2019\/#primaryimage"},"image":{"@id":"https:\/\/galagutenberg.ca\/2018\/06\/19\/le-comite-du-gutenberg-est-heureux-dannoncer-la-nomination-de-gilles-blais-et-de-laureanne-houde-blais-aux-postes-de-co-presidents-du-gutenberg-2019\/#primaryimage"},"thumbnailUrl":"https:\/\/galagutenberg.ca\/wp-content\/uploads\/2018\/06\/Co-Presidents-Gutenberg-2019.jpg","datePublished":"2018-06-19T14:00:00+00:00","dateModified":"2024-09-12T21:26:08+00:00","author":{"@id":"https:\/\/galagutenberg.ca\/#\/schema\/person\/19a222a2a1288fe24025fde467360a9e"},"breadcrumb":{"@id":"https:\/\/galagutenberg.ca\/2018\/06\/19\/le-comite-du-gutenberg-est-heureux-dannoncer-la-nomination-de-gilles-blais-et-de-laureanne-houde-blais-aux-postes-de-co-presidents-du-gutenberg-2019\/#breadcrumb"},"inLanguage":"en-CA","potentialAction":[{"@type":"ReadAction","target":["https:\/\/galagutenberg.ca\/2018\/06\/19\/le-comite-du-gutenberg-est-heureux-dannoncer-la-nomination-de-gilles-blais-et-de-laureanne-houde-blais-aux-postes-de-co-presidents-du-gutenberg-2019\/"]}]},{"@type":"ImageObject","inLanguage":"en-CA","@id":"https:\/\/galagutenberg.ca\/2018\/06\/19\/le-comite-du-gutenberg-est-heureux-dannoncer-la-nomination-de-gilles-blais-et-de-laureanne-houde-blais-aux-postes-de-co-presidents-du-gutenberg-2019\/#primaryimage","url":"https:\/\/galagutenberg.ca\/wp-content\/uploads\/2018\/06\/Co-Presidents-Gutenberg-2019.jpg","contentUrl":"https:\/\/galagutenberg.ca\/wp-content\/uploads\/2018\/06\/Co-Presidents-Gutenberg-2019.jpg","width":262,"height":218,"caption":"Laur\u00e9anne Houde-Blais et Gilles Blais, co-pr\u00e9sidents du Gutenberg 2019."},{"@type":"BreadcrumbList","@id":"https:\/\/galagutenberg.ca\/2018\/06\/19\/le-comite-du-gutenberg-est-heureux-dannoncer-la-nomination-de-gilles-blais-et-de-laureanne-houde-blais-aux-postes-de-co-presidents-du-gutenberg-2019\/#breadcrumb","itemListElement":[{"@type":"ListItem","position":1,"name":"Accueil","item":"https:\/\/galagutenberg.ca\/"},{"@type":"ListItem","position":2,"name":"Le Comit\u00e9 du Gutenberg est heureux d&rsquo;annoncer la nomination de Gilles Blais et de Laur\u00e9anne Houde-Blais aux postes de Co-Pr\u00e9sidents du Gutenberg 2019"}]},{"@type":"WebSite","@id":"https:\/\/galagutenberg.ca\/#website","url":"https:\/\/galagutenberg.ca\/","name":"Gala Gutenberg","description":"","potentialAction":[{"@type":"SearchAction","target":{"@type":"EntryPoint","urlTemplate":"https:\/\/galagutenberg.ca\/?s={search_term_string}"},"query-input":{"@type":"PropertyValueSpecification","valueRequired":true,"valueName":"search_term_string"}}],"inLanguage":"en-CA"},{"@type":"Person","@id":"https:\/\/galagutenberg.ca\/#\/schema\/person\/19a222a2a1288fe24025fde467360a9e","name":"Charlotte Gaudreault","image":{"@type":"ImageObject","inLanguage":"en-CA","@id":"https:\/\/secure.gravatar.com\/avatar\/207c70368c83b4e40faf8bee73dfc44ca9aee4ec686b2c2c552d357dfc97f720?s=96&d=mm&r=g","url":"https:\/\/secure.gravatar.com\/avatar\/207c70368c83b4e40faf8bee73dfc44ca9aee4ec686b2c2c552d357dfc97f720?s=96&d=mm&r=g","contentUrl":"https:\/\/secure.gravatar.com\/avatar\/207c70368c83b4e40faf8bee73dfc44ca9aee4ec686b2c2c552d357dfc97f720?s=96&d=mm&r=g","caption":"Charlotte Gaudreault"}}]}},"_links":{"self":[{"href":"https:\/\/galagutenberg.ca\/en\/wp-json\/wp\/v2\/posts\/15127","targetHints":{"allow":["GET"]}}],"collection":[{"href":"https:\/\/galagutenberg.ca\/en\/wp-json\/wp\/v2\/posts"}],"about":[{"href":"https:\/\/galagutenberg.ca\/en\/wp-json\/wp\/v2\/types\/post"}],"author":[{"embeddable":true,"href":"https:\/\/galagutenberg.ca\/en\/wp-json\/wp\/v2\/users\/7"}],"replies":[{"embeddable":true,"href":"https:\/\/galagutenberg.ca\/en\/wp-json\/wp\/v2\/comments?post=15127"}],"version-history":[{"count":2,"href":"https:\/\/galagutenberg.ca\/en\/wp-json\/wp\/v2\/posts\/15127\/revisions"}],"predecessor-version":[{"id":15130,"href":"https:\/\/galagutenberg.ca\/en\/wp-json\/wp\/v2\/posts\/15127\/revisions\/15130"}],"wp:featuredmedia":[{"embeddable":true,"href":"https:\/\/galagutenberg.ca\/en\/wp-json\/wp\/v2\/media\/15129"}],"wp:attachment":[{"href":"https:\/\/galagutenberg.ca\/en\/wp-json\/wp\/v2\/media?parent=15127"}],"wp:term":[{"taxonomy":"category","embeddable":true,"href":"https:\/\/galagutenberg.ca\/en\/wp-json\/wp\/v2\/categories?post=15127"},{"taxonomy":"post_tag","embeddable":true,"href":"https:\/\/galagutenberg.ca\/en\/wp-json\/wp\/v2\/tags?post=15127"}],"curies":[{"name":"wp","href":"https:\/\/api.w.org\/{rel}","templated":true}]}}