{"id":16318,"date":"2025-05-30T14:00:00","date_gmt":"2025-05-30T18:00:00","guid":{"rendered":"https:\/\/galagutenberg.ca\/?p=16318"},"modified":"2025-07-02T09:19:31","modified_gmt":"2025-07-02T13:19:31","slug":"le-gutenberg-a-celebre-43-ans-dexcellence-de-limprime","status":"publish","type":"post","link":"https:\/\/galagutenberg.ca\/en\/2025\/05\/30\/le-gutenberg-a-celebre-43-ans-dexcellence-de-limprime\/","title":{"rendered":"The Gutenberg celebrated 43 years of print excellence!"},"content":{"rendered":"<div data-elementor-type=\"wp-post\" data-elementor-id=\"16318\" class=\"elementor elementor-16318\" data-elementor-post-type=\"post\">\n\t\t\t\t<div class=\"elementor-element elementor-element-734f23c4 e-flex e-con-boxed e-con e-parent\" data-id=\"734f23c4\" data-element_type=\"container\" data-e-type=\"container\">\n\t\t\t\t\t<div class=\"e-con-inner\">\n\t\t\t\t<div class=\"elementor-element elementor-element-142bd61b elementor-widget elementor-widget-text-editor\" data-id=\"142bd61b\" data-element_type=\"widget\" data-e-type=\"widget\" data-widget_type=\"text-editor.default\">\n\t\t\t\t<div class=\"elementor-widget-container\">\n\t\t\t\t\t\t\t\t\t\n<p>Montreal, Friday, May 30, 2025<\/p>\n\n<p>Last night, at the Salle de Bal du March\u00e9 Bonsecours in Montreal, the 43rd annual<sup>th<\/sup>\u00a0Gala Gutenberg.  More than 450 enthusiasts celebrated the excellence of print!<\/p>\n\n<p>The Cocktail Reception, the Exhibit Hall and the\nGutenberg Awards Ceremony were held in a wonderful atmosphere.<\/p>\n\n<p>The Gutenberg Gala is the premier event of the printing industry. It highlights the talent, creativity, and expertise of its artisans.<\/p>\n\n<p>\"The Committee has worked very hard to prepare this 43<sup>th<\/sup>\u00a0Gutenberg and was privileged to have the support of many partners, including\u00a0<strong>Imperial Dade Canada's exclusive consumable program in partnership with Technorol,<\/strong>\u00a0our Diamond partner, and our Platinum partners: Bobst, Canon, Fujifilm, Konica Minolta, Les Plastiques Laird, Ricoh, Sustana and Xerox. We would also like to thank our Gold, Silver and Bronze partners, who proudly support the Gutenberg,\" explains Serge Loubier, President of the 43<sup>th<\/sup>\u00a0Gutenberg. \"New companies have distinguished themselves through their creativity and innovation. The Committee is delighted to welcome both very small and very large companies from a variety of production sectors as new participants in the Competition. Proud of their achievements, these newcomers have proposed original pieces involving major technical challenges,\" says Serge Loubier.<\/p>\n\n<p>This year, the Mention Hors Qu\u00e9bec became the \u201cGutenberg Hors Qu\u00e9bec\u201d. This distinction has attracted new entrants to the Competition. This prize is awarded to the piece printed in Canada, but outside Quebec, with the highest score in all categories. \u201cWe're very pleased with the growing interest in the Competition and Gala,\u201d says Serge Loubier.<\/p>\n\n<div class=\"wp-block-columns is-layout-flex wp-container-core-columns-is-layout-d771bb8e wp-block-columns-is-layout-flex\" style=\"padding-top: 2rem; padding-bottom: 0.5rem;\">\n<div class=\"wp-block-column is-layout-flow wp-block-column-is-layout-flow\">\n<figure class=\"wp-block-image aligncenter size-medium\"><img fetchpriority=\"high\" decoding=\"async\" width=\"300\" height=\"200\" class=\"wp-image-16150\" src=\"https:\/\/galagutenberg.ca\/wp-content\/uploads\/2025\/06\/2025.05.29-Gutenberg-jfgalipeau.photo-0288_50-300x200.jpg\" alt=\"\" srcset=\"https:\/\/galagutenberg.ca\/wp-content\/uploads\/2025\/06\/2025.05.29-Gutenberg-jfgalipeau.photo-0288_50-300x200.jpg 300w, https:\/\/galagutenberg.ca\/wp-content\/uploads\/2025\/06\/2025.05.29-Gutenberg-jfgalipeau.photo-0288_50-1024x683.jpg 1024w, https:\/\/galagutenberg.ca\/wp-content\/uploads\/2025\/06\/2025.05.29-Gutenberg-jfgalipeau.photo-0288_50-768x512.jpg 768w, https:\/\/galagutenberg.ca\/wp-content\/uploads\/2025\/06\/2025.05.29-Gutenberg-jfgalipeau.photo-0288_50-1536x1024.jpg 1536w, https:\/\/galagutenberg.ca\/wp-content\/uploads\/2025\/06\/2025.05.29-Gutenberg-jfgalipeau.photo-0288_50-2048x1365.jpg 2048w, https:\/\/galagutenberg.ca\/wp-content\/uploads\/2025\/06\/2025.05.29-Gutenberg-jfgalipeau.photo-0288_50-18x12.jpg 18w\" sizes=\"(max-width: 300px) 100vw, 300px\" \/>\n<figcaption class=\"wp-element-caption\"><em>Marie-Soleil Michon, host of the Gala Gutenberg 2025.<\/em><\/figcaption>\n<\/figure>\n<\/div>\n\n<div class=\"wp-block-column is-layout-flow wp-block-column-is-layout-flow\">\n<figure class=\"wp-block-image aligncenter size-medium\"><img decoding=\"async\" width=\"300\" height=\"200\" class=\"wp-image-16325\" src=\"https:\/\/galagutenberg.ca\/wp-content\/uploads\/2025\/05\/2025.05.29-Gutenberg-jfgalipeau.photo-0107-300x200.jpg\" alt=\"Le 43e Gala Gutenberg avait lieu le 29 mai dernier au March\u00e9 Bonsecours de Montr\u00e9al.\" srcset=\"https:\/\/galagutenberg.ca\/wp-content\/uploads\/2025\/05\/2025.05.29-Gutenberg-jfgalipeau.photo-0107-300x200.jpg 300w, https:\/\/galagutenberg.ca\/wp-content\/uploads\/2025\/05\/2025.05.29-Gutenberg-jfgalipeau.photo-0107-1024x683.jpg 1024w, https:\/\/galagutenberg.ca\/wp-content\/uploads\/2025\/05\/2025.05.29-Gutenberg-jfgalipeau.photo-0107-768x512.jpg 768w, https:\/\/galagutenberg.ca\/wp-content\/uploads\/2025\/05\/2025.05.29-Gutenberg-jfgalipeau.photo-0107-1536x1024.jpg 1536w, https:\/\/galagutenberg.ca\/wp-content\/uploads\/2025\/05\/2025.05.29-Gutenberg-jfgalipeau.photo-0107-2048x1365.jpg 2048w, https:\/\/galagutenberg.ca\/wp-content\/uploads\/2025\/05\/2025.05.29-Gutenberg-jfgalipeau.photo-0107-18x12.jpg 18w\" sizes=\"(max-width: 300px) 100vw, 300px\" \/>\n<figcaption class=\"wp-element-caption\"><em>The 43<sup>th<\/sup> Gala Gutenberg took place on May 29 at Montreal's March\u00e9 Bonsecours.<\/em><\/figcaption>\n<\/figure>\n<\/div>\n<\/div>\n\n<p>\"I'm extremely proud to have been able to take part in the fantastic evening that was the 43<sup>th<\/sup> Gala Gutenberg. The March\u00e9 Bonsecours in Old Montreal was decked out in its finest finery to welcome us in a magnificent setting. Participants were dressed in their most elegant attire, adding a touch of sophistication to this festive event.  It was truly the perfect occasion for a well-deserved reunion of industry colleagues. Newcomers were able to appreciate the excellence of the pieces presented and the expertise of Canadian and Quebec printers, with a special mention for our colleagues from the West! A big thank you to all those who took the time to prepare their entries and who accompanied us on this unique evening. Until next year,\" concludes Serge Loubier, President of Gutenberg 2025.<\/p>\n\n<p><strong>Proud winners:<\/strong><br \/>On this magnificent Gala evening, 18 Gutenberg trophies were awarded to the proud winners.<\/p>\n\n<div class=\"wp-block-columns is-layout-flex wp-container-core-columns-is-layout-28f84493 wp-block-columns-is-layout-flex\">\n<div class=\"wp-block-column is-layout-flow wp-block-column-is-layout-flow\">\n<p><strong>Display<\/strong><br \/>Mitchel Lincoln Division Pr\u00e9sentoirs<br \/><em>Pr\u00e9sentoir Uriage &#8211; Les essentiels de l&rsquo;\u00e9t\u00e9 2024<\/em><\/p>\n\n<p><strong>Marketing Self-Promotion<\/strong><br \/>Pubco Produits International<br \/><em>Boite Innovation Pubco<\/em><\/p>\n\n<p><strong>Marketing Customer<\/strong><br \/>L\u2019Empreinte<br \/><em>Bo\u00eetes poup\u00e9es russes<\/em><\/p>\n\n<p><strong>Magazine editing<\/strong><br \/>Gravure Choquet<br \/><em>Brochure Beauregard<\/em><\/p>\n\n<p><strong>Book editing<\/strong><br \/>Imprimerie Transcontinental Interglobe<br \/><em>Livre Photo : Athl\u00e8tes Mont-Tremblant<\/em><\/p>\n\n<p><strong>Ennoblement, finishing and\ncomplementary processes<\/strong><br \/>L\u2019Empreinte<br \/><em>Bal du Mus\u00e9e 2024<\/em><\/p>\n\n<p><strong>Packaging<\/strong><br \/>Produlith<br \/><em>Emballage chocolat, 18 morceaux<\/em><\/p>\n\n<p><strong>Flexible Packaging<\/strong><br \/>Faspac<br \/><em>Chef Dumas Pie Crusts<\/em><\/p>\n\n<p><strong>Label<\/strong><br \/>Imprimerie Ste-Julie<br \/><em>Morbleu &#8211; R\u00e9serve du diable<\/em><\/p>\n<\/div>\n\n<div class=\"wp-block-column is-layout-flow wp-block-column-is-layout-flow\">\n<p><strong>100% digital<\/strong><br \/>Mitchel Lincoln Division Pr\u00e9sentoirs<br \/><em>Pr\u00e9sentoir Uriage &#8211; X\u00e9mose<\/em><\/p>\n\n<p><strong>L\u2019Audacieux<\/strong><br \/>Pubco Produits International<br \/><em>Carte 3D lumineuse &#8211; Auston Matthews<\/em><\/p>\n\n<p><strong>Non-Conventional Material<\/strong><br \/>Montroy<br \/><em>Boitier pour bague<\/em><\/p>\n\n<p><strong>Binding<\/strong><br \/>Multi-Reliure<br \/><em>Mus\u00e9e des beaux-arts de Montr\u00e9al \u2013 ANURIJUQ<\/em><\/p>\n\n<p><strong>GutenVERT<\/strong><br \/>Solisco<br \/><em>Nations &#8211; Indigenous Lifestyle Magazine 2025<\/em><\/p>\n\n<p><strong>Prestige<\/strong><br \/>Imprimerie Transcontinental Interglobe<br \/><em>The Magnus Archives Deluxe-Signed<\/em><\/p>\n\n<p><strong>Hors Qu\u00e9bec &#8211; Outside Qu\u00e9bec<\/strong><br \/>Hemlock Printers<br \/><em>Larry O&rsquo;Brien Trophy Hardcover Book<\/em><\/p>\n\n<p><strong>Jury's favorite<\/strong><br \/>Imprimerie Transcontinental Interglobe<br \/><em>Livre Photo : Athl\u00e8tes Mont-Tremblant<\/em><\/p>\n\n<p><strong>Public's favorite<\/strong><br \/>Paragraph, une division d\u2019Emballages SupremeX<br \/><em>Boite \u00ab influenceur \u00bb La Fureur<\/em><\/p>\n<\/div>\n<\/div>\n\n<p><strong>Members of the Gutenberg 2025 Organizing Committee :<\/strong><br \/>Serge Loubier, President of Gutenberg 2025, Yoan Robitaille, Andr\u00e9 Goyette, Andrew Lacoste, Carmela Martinez, Chantal Vall\u00e9e, Charlotte Gaudreault, \u00c9ric Lamontagne, H\u00e9l\u00e8ne Pageau, Julie \u00c9thier, Karl Belafi Jr, Mariane Beauchesne-Chr\u00e9tien, Marie-Eve Hupp\u00e9,\u00a0Mike\u00a0Miserany,\u00a0Pascal Ross, Patrick Choquet, St\u00e9phane Abraham et Suzie Gaudreault.<\/p>\n\n<p><strong>For images and all the results of the 2023 Contest :<\/strong><br \/><a href=\"https:\/\/galagutenberg.ca\/en\/gala-2025\/\">galagutenberg.ca\/gala-2025<\/a>\u00a0<\/p>\n\n<p>-30-<\/p>\n\n<p><strong>For further information, please contact<\/strong><br \/>H\u00e9l\u00e8ne Pageau<br \/>Member of the Gutenberg Comittee 2012-2026<br \/>Printability and Graphic Communications Institute (ICI)<br \/><a href=\"mailto:helene.pageau@i-ci.ca\">helene.pageau@i-ci.ca<\/a><\/p>\n\n<p>\u00a0<\/p>\n\t\t\t\t\t\t\t\t<\/div>\n\t\t\t\t<\/div>\n\t\t\t\t\t<\/div>\n\t\t\t\t<\/div>\n\t\t\t\t<\/div>","protected":false},"excerpt":{"rendered":"<p>Montr\u00e9al, vendredi le 30 mai 2025 Hier soir avait lieu, \u00e0 la Salle de Bal du March\u00e9 Bonsecours \u00e0 Montr\u00e9al, le 43e\u00a0Gala Gutenberg.\u00a0Plus de 450 adeptes y ont c\u00e9l\u00e9br\u00e9 l\u2019excellence de l\u2019imprim\u00e9\u00a0! C\u2019est dans une merveilleuse ambiance que se sont d\u00e9roul\u00e9s le Cocktail, l\u2019Exposition des pi\u00e8ces et la Soir\u00e9e de remise des prestigieux troph\u00e9es Gutenberg. [&hellip;]<\/p>\n","protected":false},"author":7,"featured_media":16143,"comment_status":"closed","ping_status":"closed","sticky":false,"template":"","format":"standard","meta":{"site-sidebar-layout":"default","site-content-layout":"","ast-site-content-layout":"default","site-content-style":"default","site-sidebar-style":"default","ast-global-header-display":"","ast-banner-title-visibility":"","ast-main-header-display":"","ast-hfb-above-header-display":"","ast-hfb-below-header-display":"","ast-hfb-mobile-header-display":"","site-post-title":"","ast-breadcrumbs-content":"","ast-featured-img":"","footer-sml-layout":"","ast-disable-related-posts":"","theme-transparent-header-meta":"","adv-header-id-meta":"","stick-header-meta":"","header-above-stick-meta":"","header-main-stick-meta":"","header-below-stick-meta":"","astra-migrate-meta-layouts":"set","ast-page-background-enabled":"default","ast-page-background-meta":{"desktop":{"background-color":"","background-image":"","background-repeat":"repeat","background-position":"center center","background-size":"auto","background-attachment":"scroll","background-type":"","background-media":"","overlay-type":"","overlay-color":"","overlay-opacity":"","overlay-gradient":""},"tablet":{"background-color":"","background-image":"","background-repeat":"repeat","background-position":"center center","background-size":"auto","background-attachment":"scroll","background-type":"","background-media":"","overlay-type":"","overlay-color":"","overlay-opacity":"","overlay-gradient":""},"mobile":{"background-color":"","background-image":"","background-repeat":"repeat","background-position":"center center","background-size":"auto","background-attachment":"scroll","background-type":"","background-media":"","overlay-type":"","overlay-color":"","overlay-opacity":"","overlay-gradient":""}},"ast-content-background-meta":{"desktop":{"background-color":"var(--ast-global-color-5)","background-image":"","background-repeat":"repeat","background-position":"center center","background-size":"auto","background-attachment":"scroll","background-type":"","background-media":"","overlay-type":"","overlay-color":"","overlay-opacity":"","overlay-gradient":""},"tablet":{"background-color":"var(--ast-global-color-5)","background-image":"","background-repeat":"repeat","background-position":"center center","background-size":"auto","background-attachment":"scroll","background-type":"","background-media":"","overlay-type":"","overlay-color":"","overlay-opacity":"","overlay-gradient":""},"mobile":{"background-color":"var(--ast-global-color-5)","background-image":"","background-repeat":"repeat","background-position":"center center","background-size":"auto","background-attachment":"scroll","background-type":"","background-media":"","overlay-type":"","overlay-color":"","overlay-opacity":"","overlay-gradient":""}},"ngg_post_thumbnail":0,"footnotes":""},"categories":[12],"tags":[10,9],"class_list":["post-16318","post","type-post","status-publish","format-standard","has-post-thumbnail","hentry","category-communique-de-presse","tag-43egalagutenberg","tag-galagutenberg2025"],"yoast_head":"<!-- This site is optimized with the Yoast SEO plugin v27.4 - https:\/\/yoast.com\/product\/yoast-seo-wordpress\/ -->\n<title>Le Gutenberg a c\u00e9l\u00e9br\u00e9 43 ans d\u2019excellence de l\u2019imprim\u00e9! - Gala Gutenberg<\/title>\n<meta name=\"robots\" content=\"index, follow, max-snippet:-1, max-image-preview:large, max-video-preview:-1\" \/>\n<link rel=\"canonical\" href=\"https:\/\/galagutenberg.ca\/en\/2025\/05\/30\/le-gutenberg-a-celebre-43-ans-dexcellence-de-limprime\/\" \/>\n<meta property=\"og:locale\" content=\"en_US\" \/>\n<meta property=\"og:type\" content=\"article\" \/>\n<meta property=\"og:title\" content=\"Le Gutenberg a c\u00e9l\u00e9br\u00e9 43 ans d\u2019excellence de l\u2019imprim\u00e9! - Gala Gutenberg\" \/>\n<meta property=\"og:description\" content=\"Montr\u00e9al, vendredi le 30 mai 2025 Hier soir avait lieu, \u00e0 la Salle de Bal du March\u00e9 Bonsecours \u00e0 Montr\u00e9al, le 43e\u00a0Gala Gutenberg.\u00a0Plus de 450 adeptes y ont c\u00e9l\u00e9br\u00e9 l\u2019excellence de l\u2019imprim\u00e9\u00a0! C\u2019est dans une merveilleuse ambiance que se sont d\u00e9roul\u00e9s le Cocktail, l\u2019Exposition des pi\u00e8ces et la Soir\u00e9e de remise des prestigieux troph\u00e9es Gutenberg. [&hellip;]\" \/>\n<meta property=\"og:url\" content=\"https:\/\/galagutenberg.ca\/en\/2025\/05\/30\/le-gutenberg-a-celebre-43-ans-dexcellence-de-limprime\/\" \/>\n<meta property=\"og:site_name\" content=\"Gala Gutenberg\" \/>\n<meta property=\"article:published_time\" content=\"2025-05-30T18:00:00+00:00\" \/>\n<meta property=\"article:modified_time\" content=\"2025-07-02T13:19:31+00:00\" \/>\n<meta property=\"og:image\" content=\"https:\/\/galagutenberg.ca\/wp-content\/uploads\/2025\/06\/2025.05.29-Gutenberg-jfgalipeau.photo-0277_50-scaled.jpg\" \/>\n\t<meta property=\"og:image:width\" content=\"2560\" \/>\n\t<meta property=\"og:image:height\" content=\"1707\" \/>\n\t<meta property=\"og:image:type\" content=\"image\/jpeg\" \/>\n<meta name=\"author\" content=\"Charlotte Gaudreault\" \/>\n<meta name=\"twitter:card\" content=\"summary_large_image\" \/>\n<meta name=\"twitter:label1\" content=\"Written by\" \/>\n\t<meta name=\"twitter:data1\" content=\"Charlotte Gaudreault\" \/>\n\t<meta name=\"twitter:label2\" content=\"Est. reading time\" \/>\n\t<meta name=\"twitter:data2\" content=\"4 minutes\" \/>\n<script type=\"application\/ld+json\" class=\"yoast-schema-graph\">{\"@context\":\"https:\\\/\\\/schema.org\",\"@graph\":[{\"@type\":\"Article\",\"@id\":\"https:\\\/\\\/galagutenberg.ca\\\/2025\\\/05\\\/30\\\/le-gutenberg-a-celebre-43-ans-dexcellence-de-limprime\\\/#article\",\"isPartOf\":{\"@id\":\"https:\\\/\\\/galagutenberg.ca\\\/2025\\\/05\\\/30\\\/le-gutenberg-a-celebre-43-ans-dexcellence-de-limprime\\\/\"},\"author\":{\"name\":\"Charlotte Gaudreault\",\"@id\":\"https:\\\/\\\/galagutenberg.ca\\\/#\\\/schema\\\/person\\\/19a222a2a1288fe24025fde467360a9e\"},\"headline\":\"Le Gutenberg a c\u00e9l\u00e9br\u00e9 43 ans d\u2019excellence de l\u2019imprim\u00e9!\",\"datePublished\":\"2025-05-30T18:00:00+00:00\",\"dateModified\":\"2025-07-02T13:19:31+00:00\",\"mainEntityOfPage\":{\"@id\":\"https:\\\/\\\/galagutenberg.ca\\\/2025\\\/05\\\/30\\\/le-gutenberg-a-celebre-43-ans-dexcellence-de-limprime\\\/\"},\"wordCount\":814,\"image\":{\"@id\":\"https:\\\/\\\/galagutenberg.ca\\\/2025\\\/05\\\/30\\\/le-gutenberg-a-celebre-43-ans-dexcellence-de-limprime\\\/#primaryimage\"},\"thumbnailUrl\":\"https:\\\/\\\/galagutenberg.ca\\\/wp-content\\\/uploads\\\/2025\\\/06\\\/2025.05.29-Gutenberg-jfgalipeau.photo-0277_50-scaled.jpg\",\"keywords\":[\"43eGalaGutenberg\",\"GalaGutenberg2025\"],\"articleSection\":[\"Communiqu\u00e9 de presse\"],\"inLanguage\":\"en-CA\"},{\"@type\":\"WebPage\",\"@id\":\"https:\\\/\\\/galagutenberg.ca\\\/2025\\\/05\\\/30\\\/le-gutenberg-a-celebre-43-ans-dexcellence-de-limprime\\\/\",\"url\":\"https:\\\/\\\/galagutenberg.ca\\\/2025\\\/05\\\/30\\\/le-gutenberg-a-celebre-43-ans-dexcellence-de-limprime\\\/\",\"name\":\"Le Gutenberg a c\u00e9l\u00e9br\u00e9 43 ans d\u2019excellence de l\u2019imprim\u00e9! - Gala Gutenberg\",\"isPartOf\":{\"@id\":\"https:\\\/\\\/galagutenberg.ca\\\/#website\"},\"primaryImageOfPage\":{\"@id\":\"https:\\\/\\\/galagutenberg.ca\\\/2025\\\/05\\\/30\\\/le-gutenberg-a-celebre-43-ans-dexcellence-de-limprime\\\/#primaryimage\"},\"image\":{\"@id\":\"https:\\\/\\\/galagutenberg.ca\\\/2025\\\/05\\\/30\\\/le-gutenberg-a-celebre-43-ans-dexcellence-de-limprime\\\/#primaryimage\"},\"thumbnailUrl\":\"https:\\\/\\\/galagutenberg.ca\\\/wp-content\\\/uploads\\\/2025\\\/06\\\/2025.05.29-Gutenberg-jfgalipeau.photo-0277_50-scaled.jpg\",\"datePublished\":\"2025-05-30T18:00:00+00:00\",\"dateModified\":\"2025-07-02T13:19:31+00:00\",\"author\":{\"@id\":\"https:\\\/\\\/galagutenberg.ca\\\/#\\\/schema\\\/person\\\/19a222a2a1288fe24025fde467360a9e\"},\"breadcrumb\":{\"@id\":\"https:\\\/\\\/galagutenberg.ca\\\/2025\\\/05\\\/30\\\/le-gutenberg-a-celebre-43-ans-dexcellence-de-limprime\\\/#breadcrumb\"},\"inLanguage\":\"en-CA\",\"potentialAction\":[{\"@type\":\"ReadAction\",\"target\":[\"https:\\\/\\\/galagutenberg.ca\\\/2025\\\/05\\\/30\\\/le-gutenberg-a-celebre-43-ans-dexcellence-de-limprime\\\/\"]}]},{\"@type\":\"ImageObject\",\"inLanguage\":\"en-CA\",\"@id\":\"https:\\\/\\\/galagutenberg.ca\\\/2025\\\/05\\\/30\\\/le-gutenberg-a-celebre-43-ans-dexcellence-de-limprime\\\/#primaryimage\",\"url\":\"https:\\\/\\\/galagutenberg.ca\\\/wp-content\\\/uploads\\\/2025\\\/06\\\/2025.05.29-Gutenberg-jfgalipeau.photo-0277_50-scaled.jpg\",\"contentUrl\":\"https:\\\/\\\/galagutenberg.ca\\\/wp-content\\\/uploads\\\/2025\\\/06\\\/2025.05.29-Gutenberg-jfgalipeau.photo-0277_50-scaled.jpg\",\"width\":2560,\"height\":1707,\"caption\":\"Serge Loubier, pr\u00e9sident du 43e Gala Gutenberg\"},{\"@type\":\"BreadcrumbList\",\"@id\":\"https:\\\/\\\/galagutenberg.ca\\\/2025\\\/05\\\/30\\\/le-gutenberg-a-celebre-43-ans-dexcellence-de-limprime\\\/#breadcrumb\",\"itemListElement\":[{\"@type\":\"ListItem\",\"position\":1,\"name\":\"Accueil\",\"item\":\"https:\\\/\\\/galagutenberg.ca\\\/\"},{\"@type\":\"ListItem\",\"position\":2,\"name\":\"Le Gutenberg a c\u00e9l\u00e9br\u00e9 43 ans d\u2019excellence de l\u2019imprim\u00e9!\"}]},{\"@type\":\"WebSite\",\"@id\":\"https:\\\/\\\/galagutenberg.ca\\\/#website\",\"url\":\"https:\\\/\\\/galagutenberg.ca\\\/\",\"name\":\"Gala Gutenberg\",\"description\":\"\",\"potentialAction\":[{\"@type\":\"SearchAction\",\"target\":{\"@type\":\"EntryPoint\",\"urlTemplate\":\"https:\\\/\\\/galagutenberg.ca\\\/?s={search_term_string}\"},\"query-input\":{\"@type\":\"PropertyValueSpecification\",\"valueRequired\":true,\"valueName\":\"search_term_string\"}}],\"inLanguage\":\"en-CA\"},{\"@type\":\"Person\",\"@id\":\"https:\\\/\\\/galagutenberg.ca\\\/#\\\/schema\\\/person\\\/19a222a2a1288fe24025fde467360a9e\",\"name\":\"Charlotte Gaudreault\",\"image\":{\"@type\":\"ImageObject\",\"inLanguage\":\"en-CA\",\"@id\":\"https:\\\/\\\/secure.gravatar.com\\\/avatar\\\/207c70368c83b4e40faf8bee73dfc44ca9aee4ec686b2c2c552d357dfc97f720?s=96&d=mm&r=g\",\"url\":\"https:\\\/\\\/secure.gravatar.com\\\/avatar\\\/207c70368c83b4e40faf8bee73dfc44ca9aee4ec686b2c2c552d357dfc97f720?s=96&d=mm&r=g\",\"contentUrl\":\"https:\\\/\\\/secure.gravatar.com\\\/avatar\\\/207c70368c83b4e40faf8bee73dfc44ca9aee4ec686b2c2c552d357dfc97f720?s=96&d=mm&r=g\",\"caption\":\"Charlotte Gaudreault\"}}]}<\/script>\n<!-- \/ Yoast SEO plugin. -->","yoast_head_json":{"title":"Le Gutenberg a c\u00e9l\u00e9br\u00e9 43 ans d\u2019excellence de l\u2019imprim\u00e9! - Gala Gutenberg","robots":{"index":"index","follow":"follow","max-snippet":"max-snippet:-1","max-image-preview":"max-image-preview:large","max-video-preview":"max-video-preview:-1"},"canonical":"https:\/\/galagutenberg.ca\/en\/2025\/05\/30\/le-gutenberg-a-celebre-43-ans-dexcellence-de-limprime\/","og_locale":"en_US","og_type":"article","og_title":"Le Gutenberg a c\u00e9l\u00e9br\u00e9 43 ans d\u2019excellence de l\u2019imprim\u00e9! - Gala Gutenberg","og_description":"Montr\u00e9al, vendredi le 30 mai 2025 Hier soir avait lieu, \u00e0 la Salle de Bal du March\u00e9 Bonsecours \u00e0 Montr\u00e9al, le 43e\u00a0Gala Gutenberg.\u00a0Plus de 450 adeptes y ont c\u00e9l\u00e9br\u00e9 l\u2019excellence de l\u2019imprim\u00e9\u00a0! C\u2019est dans une merveilleuse ambiance que se sont d\u00e9roul\u00e9s le Cocktail, l\u2019Exposition des pi\u00e8ces et la Soir\u00e9e de remise des prestigieux troph\u00e9es Gutenberg. [&hellip;]","og_url":"https:\/\/galagutenberg.ca\/en\/2025\/05\/30\/le-gutenberg-a-celebre-43-ans-dexcellence-de-limprime\/","og_site_name":"Gala Gutenberg","article_published_time":"2025-05-30T18:00:00+00:00","article_modified_time":"2025-07-02T13:19:31+00:00","og_image":[{"width":2560,"height":1707,"url":"https:\/\/galagutenberg.ca\/wp-content\/uploads\/2025\/06\/2025.05.29-Gutenberg-jfgalipeau.photo-0277_50-scaled.jpg","type":"image\/jpeg"}],"author":"Charlotte Gaudreault","twitter_card":"summary_large_image","twitter_misc":{"Written by":"Charlotte Gaudreault","Est. reading time":"4 minutes"},"schema":{"@context":"https:\/\/schema.org","@graph":[{"@type":"Article","@id":"https:\/\/galagutenberg.ca\/2025\/05\/30\/le-gutenberg-a-celebre-43-ans-dexcellence-de-limprime\/#article","isPartOf":{"@id":"https:\/\/galagutenberg.ca\/2025\/05\/30\/le-gutenberg-a-celebre-43-ans-dexcellence-de-limprime\/"},"author":{"name":"Charlotte Gaudreault","@id":"https:\/\/galagutenberg.ca\/#\/schema\/person\/19a222a2a1288fe24025fde467360a9e"},"headline":"Le Gutenberg a c\u00e9l\u00e9br\u00e9 43 ans d\u2019excellence de l\u2019imprim\u00e9!","datePublished":"2025-05-30T18:00:00+00:00","dateModified":"2025-07-02T13:19:31+00:00","mainEntityOfPage":{"@id":"https:\/\/galagutenberg.ca\/2025\/05\/30\/le-gutenberg-a-celebre-43-ans-dexcellence-de-limprime\/"},"wordCount":814,"image":{"@id":"https:\/\/galagutenberg.ca\/2025\/05\/30\/le-gutenberg-a-celebre-43-ans-dexcellence-de-limprime\/#primaryimage"},"thumbnailUrl":"https:\/\/galagutenberg.ca\/wp-content\/uploads\/2025\/06\/2025.05.29-Gutenberg-jfgalipeau.photo-0277_50-scaled.jpg","keywords":["43eGalaGutenberg","GalaGutenberg2025"],"articleSection":["Communiqu\u00e9 de presse"],"inLanguage":"en-CA"},{"@type":"WebPage","@id":"https:\/\/galagutenberg.ca\/2025\/05\/30\/le-gutenberg-a-celebre-43-ans-dexcellence-de-limprime\/","url":"https:\/\/galagutenberg.ca\/2025\/05\/30\/le-gutenberg-a-celebre-43-ans-dexcellence-de-limprime\/","name":"Le Gutenberg a c\u00e9l\u00e9br\u00e9 43 ans d\u2019excellence de l\u2019imprim\u00e9! - Gala Gutenberg","isPartOf":{"@id":"https:\/\/galagutenberg.ca\/#website"},"primaryImageOfPage":{"@id":"https:\/\/galagutenberg.ca\/2025\/05\/30\/le-gutenberg-a-celebre-43-ans-dexcellence-de-limprime\/#primaryimage"},"image":{"@id":"https:\/\/galagutenberg.ca\/2025\/05\/30\/le-gutenberg-a-celebre-43-ans-dexcellence-de-limprime\/#primaryimage"},"thumbnailUrl":"https:\/\/galagutenberg.ca\/wp-content\/uploads\/2025\/06\/2025.05.29-Gutenberg-jfgalipeau.photo-0277_50-scaled.jpg","datePublished":"2025-05-30T18:00:00+00:00","dateModified":"2025-07-02T13:19:31+00:00","author":{"@id":"https:\/\/galagutenberg.ca\/#\/schema\/person\/19a222a2a1288fe24025fde467360a9e"},"breadcrumb":{"@id":"https:\/\/galagutenberg.ca\/2025\/05\/30\/le-gutenberg-a-celebre-43-ans-dexcellence-de-limprime\/#breadcrumb"},"inLanguage":"en-CA","potentialAction":[{"@type":"ReadAction","target":["https:\/\/galagutenberg.ca\/2025\/05\/30\/le-gutenberg-a-celebre-43-ans-dexcellence-de-limprime\/"]}]},{"@type":"ImageObject","inLanguage":"en-CA","@id":"https:\/\/galagutenberg.ca\/2025\/05\/30\/le-gutenberg-a-celebre-43-ans-dexcellence-de-limprime\/#primaryimage","url":"https:\/\/galagutenberg.ca\/wp-content\/uploads\/2025\/06\/2025.05.29-Gutenberg-jfgalipeau.photo-0277_50-scaled.jpg","contentUrl":"https:\/\/galagutenberg.ca\/wp-content\/uploads\/2025\/06\/2025.05.29-Gutenberg-jfgalipeau.photo-0277_50-scaled.jpg","width":2560,"height":1707,"caption":"Serge Loubier, pr\u00e9sident du 43e Gala Gutenberg"},{"@type":"BreadcrumbList","@id":"https:\/\/galagutenberg.ca\/2025\/05\/30\/le-gutenberg-a-celebre-43-ans-dexcellence-de-limprime\/#breadcrumb","itemListElement":[{"@type":"ListItem","position":1,"name":"Accueil","item":"https:\/\/galagutenberg.ca\/"},{"@type":"ListItem","position":2,"name":"Le Gutenberg a c\u00e9l\u00e9br\u00e9 43 ans d\u2019excellence de l\u2019imprim\u00e9!"}]},{"@type":"WebSite","@id":"https:\/\/galagutenberg.ca\/#website","url":"https:\/\/galagutenberg.ca\/","name":"Gala Gutenberg","description":"","potentialAction":[{"@type":"SearchAction","target":{"@type":"EntryPoint","urlTemplate":"https:\/\/galagutenberg.ca\/?s={search_term_string}"},"query-input":{"@type":"PropertyValueSpecification","valueRequired":true,"valueName":"search_term_string"}}],"inLanguage":"en-CA"},{"@type":"Person","@id":"https:\/\/galagutenberg.ca\/#\/schema\/person\/19a222a2a1288fe24025fde467360a9e","name":"Charlotte Gaudreault","image":{"@type":"ImageObject","inLanguage":"en-CA","@id":"https:\/\/secure.gravatar.com\/avatar\/207c70368c83b4e40faf8bee73dfc44ca9aee4ec686b2c2c552d357dfc97f720?s=96&d=mm&r=g","url":"https:\/\/secure.gravatar.com\/avatar\/207c70368c83b4e40faf8bee73dfc44ca9aee4ec686b2c2c552d357dfc97f720?s=96&d=mm&r=g","contentUrl":"https:\/\/secure.gravatar.com\/avatar\/207c70368c83b4e40faf8bee73dfc44ca9aee4ec686b2c2c552d357dfc97f720?s=96&d=mm&r=g","caption":"Charlotte Gaudreault"}}]}},"_links":{"self":[{"href":"https:\/\/galagutenberg.ca\/en\/wp-json\/wp\/v2\/posts\/16318","targetHints":{"allow":["GET"]}}],"collection":[{"href":"https:\/\/galagutenberg.ca\/en\/wp-json\/wp\/v2\/posts"}],"about":[{"href":"https:\/\/galagutenberg.ca\/en\/wp-json\/wp\/v2\/types\/post"}],"author":[{"embeddable":true,"href":"https:\/\/galagutenberg.ca\/en\/wp-json\/wp\/v2\/users\/7"}],"replies":[{"embeddable":true,"href":"https:\/\/galagutenberg.ca\/en\/wp-json\/wp\/v2\/comments?post=16318"}],"version-history":[{"count":18,"href":"https:\/\/galagutenberg.ca\/en\/wp-json\/wp\/v2\/posts\/16318\/revisions"}],"predecessor-version":[{"id":18473,"href":"https:\/\/galagutenberg.ca\/en\/wp-json\/wp\/v2\/posts\/16318\/revisions\/18473"}],"wp:featuredmedia":[{"embeddable":true,"href":"https:\/\/galagutenberg.ca\/en\/wp-json\/wp\/v2\/media\/16143"}],"wp:attachment":[{"href":"https:\/\/galagutenberg.ca\/en\/wp-json\/wp\/v2\/media?parent=16318"}],"wp:term":[{"taxonomy":"category","embeddable":true,"href":"https:\/\/galagutenberg.ca\/en\/wp-json\/wp\/v2\/categories?post=16318"},{"taxonomy":"post_tag","embeddable":true,"href":"https:\/\/galagutenberg.ca\/en\/wp-json\/wp\/v2\/tags?post=16318"}],"curies":[{"name":"wp","href":"https:\/\/api.w.org\/{rel}","templated":true}]}}