{"id":18154,"date":"2025-06-13T09:32:56","date_gmt":"2025-06-13T13:32:56","guid":{"rendered":"https:\/\/galagutenberg.ca\/?p=18154"},"modified":"2025-09-04T16:26:39","modified_gmt":"2025-09-04T20:26:39","slug":"le-comite-gutenberg-est-heureux-dannoncer-la-nomination-de-laurence-desmarchais-au-poste-de-presidente-du-gutenberg-2026","status":"publish","type":"post","link":"https:\/\/galagutenberg.ca\/en\/2025\/06\/13\/le-comite-gutenberg-est-heureux-dannoncer-la-nomination-de-laurence-desmarchais-au-poste-de-presidente-du-gutenberg-2026\/","title":{"rendered":"The Comit\u00e9 Gutenberg is pleased to announce the appointment of Laurence Desmarchais as President of Gutenberg 2026."},"content":{"rendered":"<div data-elementor-type=\"wp-post\" data-elementor-id=\"18154\" class=\"elementor elementor-18154\" data-elementor-post-type=\"post\">\n\t\t\t\t<div class=\"elementor-element elementor-element-7b9fe49d e-flex e-con-boxed e-con e-parent\" data-id=\"7b9fe49d\" data-element_type=\"container\" data-e-type=\"container\">\n\t\t\t\t\t<div class=\"e-con-inner\">\n\t\t\t\t<div class=\"elementor-element elementor-element-2632a4a9 elementor-widget elementor-widget-text-editor\" data-id=\"2632a4a9\" data-element_type=\"widget\" data-e-type=\"widget\" data-widget_type=\"text-editor.default\">\n\t\t\t\t<div class=\"elementor-widget-container\">\n\t\t\t\t\t\t\t\t\t\n<p>A few weeks after the 43<sup>th<\/sup> Gala, we are proud to announce the appointment of Laurence Desmarchais as Chair of the Gutenberg 2026 Committee.<\/p>\n\n<p>\"Laurence is the ideal candidate to carry the voice of Gutenberg 2026. This young woman represents a strong, dynamic and committed new generation. It is with great pride that I hand over the reins to her, and salute the success of a united family with a passion for the trade,\" explains Serge Loubier, Chairman of the 43rd Gutenberg Group.<sup>th<\/sup>\u00a0Gutenberg.<\/p>\n\n<p>\"I grew up in the printing industry, driven by the passion passed down through four generations of my family, a pride that drives me every day. It's this energy, combined with the dedication and expertise of the people in our industry, that drives me to innovate, to aim higher and to make this constantly evolving sector shine.<\/p>\n\n<p>Today, I am honoured to accept the presidency of the 44<sup>th<\/sup> Gala Gutenberg, as a young woman and a rising star in a well-established industry. A role I take on with enthusiasm, pride and a sincere desire to move things forward.<\/p>\n\n<p>I am delighted to join a wonderful team driven by a shared vision: to make the printing industry shine. Believing in young people means believing in a prosperous future focused on innovation. In my role as president, I want to be the voice of the new generation, the one that dares to propel our sector forward, push boundaries, and build bridges with previous generations.<\/p>\n\n<p>I'm keen to open the door to more discussion, more exchange, more daring. I dream of an industry that evolves in a spirit of collaboration, where expertise and new ideas are valued equally. An industry that is strong, sustainable and deeply human.<\/p>\n\n<p>We have a wonderful year ahead of us, and I look forward to seeing many of you at the next Gutenberg Gala, in 2026!\" says Laurence Desmarchais, President of the Gutenberg 2026 Committee.<\/p>\n\n<p>Thanks to the exceptional collaboration of our partners, our print production partners and the enthusiasm of our participants, the Organizing Committee is ready to celebrate the 44<sup>th<\/sup> Gutenberg.<\/p>\n\n<p>Do not hesitate to communicate with the Committee, your comments and ideas are welcome.<\/p>\n\n<p><strong>The Gutenberg 2026 Committee:<\/strong><br \/>Andrew Lacoste, Carmela Martinez, Chantal Vall\u00e9e, Charlotte Gaudreault, \u00c9ric Lamontagne, H\u00e9l\u00e8ne Pageau, Julie \u00c9thier, Mariane Beauchesne-Chr\u00e9tien, Marie-Eve Hupp\u00e9, Mike Miserany, Pascal Ross, Patrick Choquet, Serge Loubier, St\u00e9phane Abraham, Virginia DaCosta et Yoan Robitaille.<\/p>\n\n<p><strong>Contest 2025 results in pictures and videos at<\/strong><br \/><a href=\"https:\/\/galagutenberg.ca\/en\/gala-2025\/\">galagutenberg.ca\/gala-2025<\/a><\/p>\n\n<p>-30-<\/p>\n\n<p><strong>For further information, please contact<\/strong><br \/>H\u00e9l\u00e8ne Pageau<br \/>Member of the Gutenberg Comittee 2012-2026<br \/>Printability and Graphic Communications Institute (ICI)<br \/><a href=\"mailto:helene.pageau@i-ci.ca\">helene.pageau@i-ci.ca<\/a><\/p>\n\n<p>\u00a0<\/p>\n\t\t\t\t\t\t\t\t<\/div>\n\t\t\t\t<\/div>\n\t\t\t\t\t<\/div>\n\t\t\t\t<\/div>\n\t\t\t\t<\/div>","protected":false},"excerpt":{"rendered":"<p>Quelques semaines apr\u00e8s le 43e Gala, c\u2019est avec fiert\u00e9 que nous annon\u00e7ons la nomination de Laurence\u00a0Desmarchais, au poste de Pr\u00e9sidente du Comit\u00e9 Gutenberg 2026. \u00ab\u2009Laurence est la candidate id\u00e9ale pour porter la voix du Gutenberg 2026. Cette jeune femme repr\u00e9sente une rel\u00e8ve forte, dynamique et investie. C\u2019est avec une grande fiert\u00e9 que je lui passe [&hellip;]<\/p>\n","protected":false},"author":7,"featured_media":18162,"comment_status":"closed","ping_status":"closed","sticky":false,"template":"","format":"standard","meta":{"site-sidebar-layout":"default","site-content-layout":"","ast-site-content-layout":"default","site-content-style":"default","site-sidebar-style":"default","ast-global-header-display":"","ast-banner-title-visibility":"","ast-main-header-display":"","ast-hfb-above-header-display":"","ast-hfb-below-header-display":"","ast-hfb-mobile-header-display":"","site-post-title":"","ast-breadcrumbs-content":"","ast-featured-img":"","footer-sml-layout":"","ast-disable-related-posts":"","theme-transparent-header-meta":"","adv-header-id-meta":"","stick-header-meta":"","header-above-stick-meta":"","header-main-stick-meta":"","header-below-stick-meta":"","astra-migrate-meta-layouts":"set","ast-page-background-enabled":"default","ast-page-background-meta":{"desktop":{"background-color":"","background-image":"","background-repeat":"repeat","background-position":"center center","background-size":"auto","background-attachment":"scroll","background-type":"","background-media":"","overlay-type":"","overlay-color":"","overlay-opacity":"","overlay-gradient":""},"tablet":{"background-color":"","background-image":"","background-repeat":"repeat","background-position":"center center","background-size":"auto","background-attachment":"scroll","background-type":"","background-media":"","overlay-type":"","overlay-color":"","overlay-opacity":"","overlay-gradient":""},"mobile":{"background-color":"","background-image":"","background-repeat":"repeat","background-position":"center center","background-size":"auto","background-attachment":"scroll","background-type":"","background-media":"","overlay-type":"","overlay-color":"","overlay-opacity":"","overlay-gradient":""}},"ast-content-background-meta":{"desktop":{"background-color":"var(--ast-global-color-5)","background-image":"","background-repeat":"repeat","background-position":"center center","background-size":"auto","background-attachment":"scroll","background-type":"","background-media":"","overlay-type":"","overlay-color":"","overlay-opacity":"","overlay-gradient":""},"tablet":{"background-color":"var(--ast-global-color-5)","background-image":"","background-repeat":"repeat","background-position":"center center","background-size":"auto","background-attachment":"scroll","background-type":"","background-media":"","overlay-type":"","overlay-color":"","overlay-opacity":"","overlay-gradient":""},"mobile":{"background-color":"var(--ast-global-color-5)","background-image":"","background-repeat":"repeat","background-position":"center center","background-size":"auto","background-attachment":"scroll","background-type":"","background-media":"","overlay-type":"","overlay-color":"","overlay-opacity":"","overlay-gradient":""}},"ngg_post_thumbnail":0,"footnotes":""},"categories":[12],"tags":[37,38],"class_list":["post-18154","post","type-post","status-publish","format-standard","has-post-thumbnail","hentry","category-communique-de-presse","tag-44egalagutenberg","tag-galagutenberg2026"],"yoast_head":"<!-- This site is optimized with the Yoast SEO plugin v27.4 - https:\/\/yoast.com\/product\/yoast-seo-wordpress\/ -->\n<title>Le Comit\u00e9 Gutenberg est heureux d\u2019annoncer la nomination de Laurence Desmarchais, au poste de pr\u00e9sidente du Gutenberg 2026 - Gala Gutenberg<\/title>\n<meta name=\"robots\" content=\"index, follow, max-snippet:-1, max-image-preview:large, max-video-preview:-1\" \/>\n<link rel=\"canonical\" href=\"https:\/\/galagutenberg.ca\/en\/2025\/06\/13\/le-comite-gutenberg-est-heureux-dannoncer-la-nomination-de-laurence-desmarchais-au-poste-de-presidente-du-gutenberg-2026\/\" \/>\n<meta property=\"og:locale\" content=\"en_US\" \/>\n<meta property=\"og:type\" content=\"article\" \/>\n<meta property=\"og:title\" content=\"Le Comit\u00e9 Gutenberg est heureux d\u2019annoncer la nomination de Laurence Desmarchais, au poste de pr\u00e9sidente du Gutenberg 2026 - Gala Gutenberg\" \/>\n<meta property=\"og:description\" content=\"Quelques semaines apr\u00e8s le 43e Gala, c\u2019est avec fiert\u00e9 que nous annon\u00e7ons la nomination de Laurence\u00a0Desmarchais, au poste de Pr\u00e9sidente du Comit\u00e9 Gutenberg 2026. \u00ab\u2009Laurence est la candidate id\u00e9ale pour porter la voix du Gutenberg 2026. Cette jeune femme repr\u00e9sente une rel\u00e8ve forte, dynamique et investie. C\u2019est avec une grande fiert\u00e9 que je lui passe [&hellip;]\" \/>\n<meta property=\"og:url\" content=\"https:\/\/galagutenberg.ca\/en\/2025\/06\/13\/le-comite-gutenberg-est-heureux-dannoncer-la-nomination-de-laurence-desmarchais-au-poste-de-presidente-du-gutenberg-2026\/\" \/>\n<meta property=\"og:site_name\" content=\"Gala Gutenberg\" \/>\n<meta property=\"article:published_time\" content=\"2025-06-13T13:32:56+00:00\" \/>\n<meta property=\"article:modified_time\" content=\"2025-09-04T20:26:39+00:00\" \/>\n<meta property=\"og:image\" content=\"https:\/\/galagutenberg.ca\/wp-content\/uploads\/2025\/06\/Laurence-Desmarchais-Presidente-Gutenberg-2026-02.jpg\" \/>\n\t<meta property=\"og:image:width\" content=\"400\" \/>\n\t<meta property=\"og:image:height\" content=\"400\" \/>\n\t<meta property=\"og:image:type\" content=\"image\/jpeg\" \/>\n<meta name=\"author\" content=\"Charlotte Gaudreault\" \/>\n<meta name=\"twitter:card\" content=\"summary_large_image\" \/>\n<meta name=\"twitter:label1\" content=\"Written by\" \/>\n\t<meta name=\"twitter:data1\" content=\"Charlotte Gaudreault\" \/>\n\t<meta name=\"twitter:label2\" content=\"Est. reading time\" \/>\n\t<meta name=\"twitter:data2\" content=\"3 minutes\" \/>\n<script type=\"application\/ld+json\" class=\"yoast-schema-graph\">{\"@context\":\"https:\\\/\\\/schema.org\",\"@graph\":[{\"@type\":\"Article\",\"@id\":\"https:\\\/\\\/galagutenberg.ca\\\/2025\\\/06\\\/13\\\/le-comite-gutenberg-est-heureux-dannoncer-la-nomination-de-laurence-desmarchais-au-poste-de-presidente-du-gutenberg-2026\\\/#article\",\"isPartOf\":{\"@id\":\"https:\\\/\\\/galagutenberg.ca\\\/2025\\\/06\\\/13\\\/le-comite-gutenberg-est-heureux-dannoncer-la-nomination-de-laurence-desmarchais-au-poste-de-presidente-du-gutenberg-2026\\\/\"},\"author\":{\"name\":\"Charlotte Gaudreault\",\"@id\":\"https:\\\/\\\/galagutenberg.ca\\\/#\\\/schema\\\/person\\\/19a222a2a1288fe24025fde467360a9e\"},\"headline\":\"Le Comit\u00e9 Gutenberg est heureux d\u2019annoncer la nomination de Laurence Desmarchais, au poste de pr\u00e9sidente du Gutenberg 2026\",\"datePublished\":\"2025-06-13T13:32:56+00:00\",\"dateModified\":\"2025-09-04T20:26:39+00:00\",\"mainEntityOfPage\":{\"@id\":\"https:\\\/\\\/galagutenberg.ca\\\/2025\\\/06\\\/13\\\/le-comite-gutenberg-est-heureux-dannoncer-la-nomination-de-laurence-desmarchais-au-poste-de-presidente-du-gutenberg-2026\\\/\"},\"wordCount\":507,\"image\":{\"@id\":\"https:\\\/\\\/galagutenberg.ca\\\/2025\\\/06\\\/13\\\/le-comite-gutenberg-est-heureux-dannoncer-la-nomination-de-laurence-desmarchais-au-poste-de-presidente-du-gutenberg-2026\\\/#primaryimage\"},\"thumbnailUrl\":\"https:\\\/\\\/galagutenberg.ca\\\/wp-content\\\/uploads\\\/2025\\\/06\\\/Laurence-Desmarchais-Presidente-Gutenberg-2026-02.jpg\",\"keywords\":[\"44eGalaGutenberg\",\"GalaGutenberg2026\"],\"articleSection\":[\"Communiqu\u00e9 de presse\"],\"inLanguage\":\"en-CA\"},{\"@type\":\"WebPage\",\"@id\":\"https:\\\/\\\/galagutenberg.ca\\\/2025\\\/06\\\/13\\\/le-comite-gutenberg-est-heureux-dannoncer-la-nomination-de-laurence-desmarchais-au-poste-de-presidente-du-gutenberg-2026\\\/\",\"url\":\"https:\\\/\\\/galagutenberg.ca\\\/2025\\\/06\\\/13\\\/le-comite-gutenberg-est-heureux-dannoncer-la-nomination-de-laurence-desmarchais-au-poste-de-presidente-du-gutenberg-2026\\\/\",\"name\":\"Le Comit\u00e9 Gutenberg est heureux d\u2019annoncer la nomination de Laurence Desmarchais, au poste de pr\u00e9sidente du Gutenberg 2026 - Gala Gutenberg\",\"isPartOf\":{\"@id\":\"https:\\\/\\\/galagutenberg.ca\\\/#website\"},\"primaryImageOfPage\":{\"@id\":\"https:\\\/\\\/galagutenberg.ca\\\/2025\\\/06\\\/13\\\/le-comite-gutenberg-est-heureux-dannoncer-la-nomination-de-laurence-desmarchais-au-poste-de-presidente-du-gutenberg-2026\\\/#primaryimage\"},\"image\":{\"@id\":\"https:\\\/\\\/galagutenberg.ca\\\/2025\\\/06\\\/13\\\/le-comite-gutenberg-est-heureux-dannoncer-la-nomination-de-laurence-desmarchais-au-poste-de-presidente-du-gutenberg-2026\\\/#primaryimage\"},\"thumbnailUrl\":\"https:\\\/\\\/galagutenberg.ca\\\/wp-content\\\/uploads\\\/2025\\\/06\\\/Laurence-Desmarchais-Presidente-Gutenberg-2026-02.jpg\",\"datePublished\":\"2025-06-13T13:32:56+00:00\",\"dateModified\":\"2025-09-04T20:26:39+00:00\",\"author\":{\"@id\":\"https:\\\/\\\/galagutenberg.ca\\\/#\\\/schema\\\/person\\\/19a222a2a1288fe24025fde467360a9e\"},\"breadcrumb\":{\"@id\":\"https:\\\/\\\/galagutenberg.ca\\\/2025\\\/06\\\/13\\\/le-comite-gutenberg-est-heureux-dannoncer-la-nomination-de-laurence-desmarchais-au-poste-de-presidente-du-gutenberg-2026\\\/#breadcrumb\"},\"inLanguage\":\"en-CA\",\"potentialAction\":[{\"@type\":\"ReadAction\",\"target\":[\"https:\\\/\\\/galagutenberg.ca\\\/2025\\\/06\\\/13\\\/le-comite-gutenberg-est-heureux-dannoncer-la-nomination-de-laurence-desmarchais-au-poste-de-presidente-du-gutenberg-2026\\\/\"]}]},{\"@type\":\"ImageObject\",\"inLanguage\":\"en-CA\",\"@id\":\"https:\\\/\\\/galagutenberg.ca\\\/2025\\\/06\\\/13\\\/le-comite-gutenberg-est-heureux-dannoncer-la-nomination-de-laurence-desmarchais-au-poste-de-presidente-du-gutenberg-2026\\\/#primaryimage\",\"url\":\"https:\\\/\\\/galagutenberg.ca\\\/wp-content\\\/uploads\\\/2025\\\/06\\\/Laurence-Desmarchais-Presidente-Gutenberg-2026-02.jpg\",\"contentUrl\":\"https:\\\/\\\/galagutenberg.ca\\\/wp-content\\\/uploads\\\/2025\\\/06\\\/Laurence-Desmarchais-Presidente-Gutenberg-2026-02.jpg\",\"width\":400,\"height\":400,\"caption\":\"Laurence Desmarchais, pr\u00e9sidente du Gutenberg 2026\"},{\"@type\":\"BreadcrumbList\",\"@id\":\"https:\\\/\\\/galagutenberg.ca\\\/2025\\\/06\\\/13\\\/le-comite-gutenberg-est-heureux-dannoncer-la-nomination-de-laurence-desmarchais-au-poste-de-presidente-du-gutenberg-2026\\\/#breadcrumb\",\"itemListElement\":[{\"@type\":\"ListItem\",\"position\":1,\"name\":\"Accueil\",\"item\":\"https:\\\/\\\/galagutenberg.ca\\\/\"},{\"@type\":\"ListItem\",\"position\":2,\"name\":\"Le Comit\u00e9 Gutenberg est heureux d\u2019annoncer la nomination de Laurence Desmarchais, au poste de pr\u00e9sidente du Gutenberg 2026\"}]},{\"@type\":\"WebSite\",\"@id\":\"https:\\\/\\\/galagutenberg.ca\\\/#website\",\"url\":\"https:\\\/\\\/galagutenberg.ca\\\/\",\"name\":\"Gala Gutenberg\",\"description\":\"\",\"potentialAction\":[{\"@type\":\"SearchAction\",\"target\":{\"@type\":\"EntryPoint\",\"urlTemplate\":\"https:\\\/\\\/galagutenberg.ca\\\/?s={search_term_string}\"},\"query-input\":{\"@type\":\"PropertyValueSpecification\",\"valueRequired\":true,\"valueName\":\"search_term_string\"}}],\"inLanguage\":\"en-CA\"},{\"@type\":\"Person\",\"@id\":\"https:\\\/\\\/galagutenberg.ca\\\/#\\\/schema\\\/person\\\/19a222a2a1288fe24025fde467360a9e\",\"name\":\"Charlotte Gaudreault\",\"image\":{\"@type\":\"ImageObject\",\"inLanguage\":\"en-CA\",\"@id\":\"https:\\\/\\\/secure.gravatar.com\\\/avatar\\\/207c70368c83b4e40faf8bee73dfc44ca9aee4ec686b2c2c552d357dfc97f720?s=96&d=mm&r=g\",\"url\":\"https:\\\/\\\/secure.gravatar.com\\\/avatar\\\/207c70368c83b4e40faf8bee73dfc44ca9aee4ec686b2c2c552d357dfc97f720?s=96&d=mm&r=g\",\"contentUrl\":\"https:\\\/\\\/secure.gravatar.com\\\/avatar\\\/207c70368c83b4e40faf8bee73dfc44ca9aee4ec686b2c2c552d357dfc97f720?s=96&d=mm&r=g\",\"caption\":\"Charlotte Gaudreault\"}}]}<\/script>\n<!-- \/ Yoast SEO plugin. -->","yoast_head_json":{"title":"Le Comit\u00e9 Gutenberg est heureux d\u2019annoncer la nomination de Laurence Desmarchais, au poste de pr\u00e9sidente du Gutenberg 2026 - Gala Gutenberg","robots":{"index":"index","follow":"follow","max-snippet":"max-snippet:-1","max-image-preview":"max-image-preview:large","max-video-preview":"max-video-preview:-1"},"canonical":"https:\/\/galagutenberg.ca\/en\/2025\/06\/13\/le-comite-gutenberg-est-heureux-dannoncer-la-nomination-de-laurence-desmarchais-au-poste-de-presidente-du-gutenberg-2026\/","og_locale":"en_US","og_type":"article","og_title":"Le Comit\u00e9 Gutenberg est heureux d\u2019annoncer la nomination de Laurence Desmarchais, au poste de pr\u00e9sidente du Gutenberg 2026 - Gala Gutenberg","og_description":"Quelques semaines apr\u00e8s le 43e Gala, c\u2019est avec fiert\u00e9 que nous annon\u00e7ons la nomination de Laurence\u00a0Desmarchais, au poste de Pr\u00e9sidente du Comit\u00e9 Gutenberg 2026. \u00ab\u2009Laurence est la candidate id\u00e9ale pour porter la voix du Gutenberg 2026. Cette jeune femme repr\u00e9sente une rel\u00e8ve forte, dynamique et investie. C\u2019est avec une grande fiert\u00e9 que je lui passe [&hellip;]","og_url":"https:\/\/galagutenberg.ca\/en\/2025\/06\/13\/le-comite-gutenberg-est-heureux-dannoncer-la-nomination-de-laurence-desmarchais-au-poste-de-presidente-du-gutenberg-2026\/","og_site_name":"Gala Gutenberg","article_published_time":"2025-06-13T13:32:56+00:00","article_modified_time":"2025-09-04T20:26:39+00:00","og_image":[{"width":400,"height":400,"url":"https:\/\/galagutenberg.ca\/wp-content\/uploads\/2025\/06\/Laurence-Desmarchais-Presidente-Gutenberg-2026-02.jpg","type":"image\/jpeg"}],"author":"Charlotte Gaudreault","twitter_card":"summary_large_image","twitter_misc":{"Written by":"Charlotte Gaudreault","Est. reading time":"3 minutes"},"schema":{"@context":"https:\/\/schema.org","@graph":[{"@type":"Article","@id":"https:\/\/galagutenberg.ca\/2025\/06\/13\/le-comite-gutenberg-est-heureux-dannoncer-la-nomination-de-laurence-desmarchais-au-poste-de-presidente-du-gutenberg-2026\/#article","isPartOf":{"@id":"https:\/\/galagutenberg.ca\/2025\/06\/13\/le-comite-gutenberg-est-heureux-dannoncer-la-nomination-de-laurence-desmarchais-au-poste-de-presidente-du-gutenberg-2026\/"},"author":{"name":"Charlotte Gaudreault","@id":"https:\/\/galagutenberg.ca\/#\/schema\/person\/19a222a2a1288fe24025fde467360a9e"},"headline":"Le Comit\u00e9 Gutenberg est heureux d\u2019annoncer la nomination de Laurence Desmarchais, au poste de pr\u00e9sidente du Gutenberg 2026","datePublished":"2025-06-13T13:32:56+00:00","dateModified":"2025-09-04T20:26:39+00:00","mainEntityOfPage":{"@id":"https:\/\/galagutenberg.ca\/2025\/06\/13\/le-comite-gutenberg-est-heureux-dannoncer-la-nomination-de-laurence-desmarchais-au-poste-de-presidente-du-gutenberg-2026\/"},"wordCount":507,"image":{"@id":"https:\/\/galagutenberg.ca\/2025\/06\/13\/le-comite-gutenberg-est-heureux-dannoncer-la-nomination-de-laurence-desmarchais-au-poste-de-presidente-du-gutenberg-2026\/#primaryimage"},"thumbnailUrl":"https:\/\/galagutenberg.ca\/wp-content\/uploads\/2025\/06\/Laurence-Desmarchais-Presidente-Gutenberg-2026-02.jpg","keywords":["44eGalaGutenberg","GalaGutenberg2026"],"articleSection":["Communiqu\u00e9 de presse"],"inLanguage":"en-CA"},{"@type":"WebPage","@id":"https:\/\/galagutenberg.ca\/2025\/06\/13\/le-comite-gutenberg-est-heureux-dannoncer-la-nomination-de-laurence-desmarchais-au-poste-de-presidente-du-gutenberg-2026\/","url":"https:\/\/galagutenberg.ca\/2025\/06\/13\/le-comite-gutenberg-est-heureux-dannoncer-la-nomination-de-laurence-desmarchais-au-poste-de-presidente-du-gutenberg-2026\/","name":"Le Comit\u00e9 Gutenberg est heureux d\u2019annoncer la nomination de Laurence Desmarchais, au poste de pr\u00e9sidente du Gutenberg 2026 - Gala Gutenberg","isPartOf":{"@id":"https:\/\/galagutenberg.ca\/#website"},"primaryImageOfPage":{"@id":"https:\/\/galagutenberg.ca\/2025\/06\/13\/le-comite-gutenberg-est-heureux-dannoncer-la-nomination-de-laurence-desmarchais-au-poste-de-presidente-du-gutenberg-2026\/#primaryimage"},"image":{"@id":"https:\/\/galagutenberg.ca\/2025\/06\/13\/le-comite-gutenberg-est-heureux-dannoncer-la-nomination-de-laurence-desmarchais-au-poste-de-presidente-du-gutenberg-2026\/#primaryimage"},"thumbnailUrl":"https:\/\/galagutenberg.ca\/wp-content\/uploads\/2025\/06\/Laurence-Desmarchais-Presidente-Gutenberg-2026-02.jpg","datePublished":"2025-06-13T13:32:56+00:00","dateModified":"2025-09-04T20:26:39+00:00","author":{"@id":"https:\/\/galagutenberg.ca\/#\/schema\/person\/19a222a2a1288fe24025fde467360a9e"},"breadcrumb":{"@id":"https:\/\/galagutenberg.ca\/2025\/06\/13\/le-comite-gutenberg-est-heureux-dannoncer-la-nomination-de-laurence-desmarchais-au-poste-de-presidente-du-gutenberg-2026\/#breadcrumb"},"inLanguage":"en-CA","potentialAction":[{"@type":"ReadAction","target":["https:\/\/galagutenberg.ca\/2025\/06\/13\/le-comite-gutenberg-est-heureux-dannoncer-la-nomination-de-laurence-desmarchais-au-poste-de-presidente-du-gutenberg-2026\/"]}]},{"@type":"ImageObject","inLanguage":"en-CA","@id":"https:\/\/galagutenberg.ca\/2025\/06\/13\/le-comite-gutenberg-est-heureux-dannoncer-la-nomination-de-laurence-desmarchais-au-poste-de-presidente-du-gutenberg-2026\/#primaryimage","url":"https:\/\/galagutenberg.ca\/wp-content\/uploads\/2025\/06\/Laurence-Desmarchais-Presidente-Gutenberg-2026-02.jpg","contentUrl":"https:\/\/galagutenberg.ca\/wp-content\/uploads\/2025\/06\/Laurence-Desmarchais-Presidente-Gutenberg-2026-02.jpg","width":400,"height":400,"caption":"Laurence Desmarchais, pr\u00e9sidente du Gutenberg 2026"},{"@type":"BreadcrumbList","@id":"https:\/\/galagutenberg.ca\/2025\/06\/13\/le-comite-gutenberg-est-heureux-dannoncer-la-nomination-de-laurence-desmarchais-au-poste-de-presidente-du-gutenberg-2026\/#breadcrumb","itemListElement":[{"@type":"ListItem","position":1,"name":"Accueil","item":"https:\/\/galagutenberg.ca\/"},{"@type":"ListItem","position":2,"name":"Le Comit\u00e9 Gutenberg est heureux d\u2019annoncer la nomination de Laurence Desmarchais, au poste de pr\u00e9sidente du Gutenberg 2026"}]},{"@type":"WebSite","@id":"https:\/\/galagutenberg.ca\/#website","url":"https:\/\/galagutenberg.ca\/","name":"Gala Gutenberg","description":"","potentialAction":[{"@type":"SearchAction","target":{"@type":"EntryPoint","urlTemplate":"https:\/\/galagutenberg.ca\/?s={search_term_string}"},"query-input":{"@type":"PropertyValueSpecification","valueRequired":true,"valueName":"search_term_string"}}],"inLanguage":"en-CA"},{"@type":"Person","@id":"https:\/\/galagutenberg.ca\/#\/schema\/person\/19a222a2a1288fe24025fde467360a9e","name":"Charlotte Gaudreault","image":{"@type":"ImageObject","inLanguage":"en-CA","@id":"https:\/\/secure.gravatar.com\/avatar\/207c70368c83b4e40faf8bee73dfc44ca9aee4ec686b2c2c552d357dfc97f720?s=96&d=mm&r=g","url":"https:\/\/secure.gravatar.com\/avatar\/207c70368c83b4e40faf8bee73dfc44ca9aee4ec686b2c2c552d357dfc97f720?s=96&d=mm&r=g","contentUrl":"https:\/\/secure.gravatar.com\/avatar\/207c70368c83b4e40faf8bee73dfc44ca9aee4ec686b2c2c552d357dfc97f720?s=96&d=mm&r=g","caption":"Charlotte Gaudreault"}}]}},"_links":{"self":[{"href":"https:\/\/galagutenberg.ca\/en\/wp-json\/wp\/v2\/posts\/18154","targetHints":{"allow":["GET"]}}],"collection":[{"href":"https:\/\/galagutenberg.ca\/en\/wp-json\/wp\/v2\/posts"}],"about":[{"href":"https:\/\/galagutenberg.ca\/en\/wp-json\/wp\/v2\/types\/post"}],"author":[{"embeddable":true,"href":"https:\/\/galagutenberg.ca\/en\/wp-json\/wp\/v2\/users\/7"}],"replies":[{"embeddable":true,"href":"https:\/\/galagutenberg.ca\/en\/wp-json\/wp\/v2\/comments?post=18154"}],"version-history":[{"count":15,"href":"https:\/\/galagutenberg.ca\/en\/wp-json\/wp\/v2\/posts\/18154\/revisions"}],"predecessor-version":[{"id":18629,"href":"https:\/\/galagutenberg.ca\/en\/wp-json\/wp\/v2\/posts\/18154\/revisions\/18629"}],"wp:featuredmedia":[{"embeddable":true,"href":"https:\/\/galagutenberg.ca\/en\/wp-json\/wp\/v2\/media\/18162"}],"wp:attachment":[{"href":"https:\/\/galagutenberg.ca\/en\/wp-json\/wp\/v2\/media?parent=18154"}],"wp:term":[{"taxonomy":"category","embeddable":true,"href":"https:\/\/galagutenberg.ca\/en\/wp-json\/wp\/v2\/categories?post=18154"},{"taxonomy":"post_tag","embeddable":true,"href":"https:\/\/galagutenberg.ca\/en\/wp-json\/wp\/v2\/tags?post=18154"}],"curies":[{"name":"wp","href":"https:\/\/api.w.org\/{rel}","templated":true}]}}